{"id":30218,"date":"2021-06-02T09:35:28","date_gmt":"2021-06-02T08:35:28","guid":{"rendered":"https:\/\/senzor.ba\/?p=30218"},"modified":"2024-01-15T21:34:15","modified_gmt":"2024-01-15T20:34:15","slug":"obracanje-bakira-izetbegovica-u-povodu-31-godisnjice-sda","status":"publish","type":"post","link":"https:\/\/tvsensor.com\/clanak\/obracanje-bakira-izetbegovica-u-povodu-31-godisnjice-sda\/","title":{"rendered":"Obra\u0107anje Bakira Izetbegovi\u0107a u povodu 31. godi\u0161njice SDA"},"content":{"rendered":"\n<ul class=\"wp-block-list\"><li><strong>Zdravstveni aspekt pandemije<\/strong><\/li><li><strong>Ekonomski aspekt pandemije<\/strong><\/li><li><strong>Rezultati rada Novali\u0107eve vlade i vlada zemalja regiona<\/strong><\/li><li><strong>Udru\u017eeni pritisak SNSD-a i HDZ-a BiH na SDA i BiH<\/strong><\/li><li><strong>Hibridni rat protiv Bo\u0161njaka<\/strong><\/li><li><strong>Budu\u0107e koalicije&nbsp;<\/strong><\/li><li><strong>Me\u0111unarodna zajednica i BiH<\/strong><\/li><li><strong>Budu\u0107nost SDA<\/strong><\/li><li><strong>Stranke nastale iz SDA<\/strong><\/li><li><strong>Suprotstavljanje pohlepi, nepravdi i nejednakosti<\/strong><\/li><li><strong>Ja\u010danje SDA<\/strong><\/li><\/ul>\n","protected":false},"excerpt":{"rendered":"<p>Zdravstveni aspekt pandemije Ekonomski aspekt pandemije Rezultati rada Novali\u0107eve vlade i vlada zemalja regiona Udru\u017eeni pritisak SNSD-a i HDZ-a BiH na SDA i BiH Hibridni rat protiv Bo\u0161njaka Budu\u0107e koalicije&nbsp; Me\u0111unarodna zajednica i BiH Budu\u0107nost SDA Stranke nastale iz SDA Suprotstavljanje pohlepi, nepravdi i nejednakosti Ja\u010danje SDA<\/p>\n","protected":false},"author":59,"featured_media":30227,"comment_status":"open","ping_status":"closed","sticky":false,"template":"","format":"video","meta":{"inline_featured_image":false,"footnotes":""},"categories":[1241,72],"tags":[],"class_list":{"0":"post-30218","1":"post","2":"type-post","3":"status-publish","4":"format-video","5":"has-post-thumbnail","7":"category-politika-video-galerija","8":"category-video-galerija","9":"post_format-post-format-video"},"acf":[],"_links":{"self":[{"href":"https:\/\/tvsensor.com\/api\/wp\/v2\/posts\/30218","targetHints":{"allow":["GET"]}}],"collection":[{"href":"https:\/\/tvsensor.com\/api\/wp\/v2\/posts"}],"about":[{"href":"https:\/\/tvsensor.com\/api\/wp\/v2\/types\/post"}],"author":[{"embeddable":true,"href":"https:\/\/tvsensor.com\/api\/wp\/v2\/users\/59"}],"replies":[{"embeddable":true,"href":"https:\/\/tvsensor.com\/api\/wp\/v2\/comments?post=30218"}],"version-history":[{"count":2,"href":"https:\/\/tvsensor.com\/api\/wp\/v2\/posts\/30218\/revisions"}],"predecessor-version":[{"id":30233,"href":"https:\/\/tvsensor.com\/api\/wp\/v2\/posts\/30218\/revisions\/30233"}],"wp:featuredmedia":[{"embeddable":true,"href":"https:\/\/tvsensor.com\/api\/wp\/v2\/media\/30227"}],"wp:attachment":[{"href":"https:\/\/tvsensor.com\/api\/wp\/v2\/media?parent=30218"}],"wp:term":[{"taxonomy":"category","embeddable":true,"href":"https:\/\/tvsensor.com\/api\/wp\/v2\/categories?post=30218"},{"taxonomy":"post_tag","embeddable":true,"href":"https:\/\/tvsensor.com\/api\/wp\/v2\/tags?post=30218"}],"curies":[{"name":"wp","href":"https:\/\/api.w.org\/{rel}","templated":true}]}}