{"id":29614,"date":"2021-05-22T13:33:09","date_gmt":"2021-05-22T12:33:09","guid":{"rendered":"https:\/\/senzor.ba\/?p=29614"},"modified":"2024-01-15T21:35:45","modified_gmt":"2024-01-15T20:35:45","slug":"zejna-elkaz-cetiri-godine-u-ratu-bila-sam-u-sumi-sama-nisam-znala-da-je-rat-zavrsen","status":"publish","type":"post","link":"https:\/\/tvsensor.com\/clanak\/zejna-elkaz-cetiri-godine-u-ratu-bila-sam-u-sumi-sama-nisam-znala-da-je-rat-zavrsen\/","title":{"rendered":"Zejna Elkaz: \u010cetiri godine u ratu bila sam u \u0161umi sama, nisam znala da je rat zavr\u0161en!"},"content":{"rendered":"\n<p>Ovo je Zejna Elkaz, 74-godi\u0161nja starica \u010dije bore pamte sav ratni u\u017eas\u2026<\/p>\n\n\n\n<p>\u2026Doga\u0111aji su \u017eivi \u010dak i nakon 19 godina. Pa vi\u0161e puta na san do\u0111e pa ono strni. Jo\u0161 sam dva puta strave, ka\u017eu da djeluje na to.<\/p>\n\n\n\n<p>Ali\u2026 ostalo straha. Prisje\u0107a se da su tog 3.novembra 1992, nakon osvajanja sela, u kom\u0161inicinu ku\u0107u u kojoj se sklonilo sedam \u017eena, do\u0161la dva mlada vojnika. Ubacili su bombe me\u0111u njih i oti\u0161li.<\/p>\n\n\n\n<p>Ona se sakrila u drugoj sobi te je nakon eksplozije uspjela pobje\u0107i.<\/p>\n\n\n\n<p>Me\u0111u nastradalima bila je i njena majka. Pogledajte nevjerovatnu pri\u010du!<\/p>\n","protected":false},"excerpt":{"rendered":"<p>Ovo je Zejna Elkaz, 74-godi\u0161nja starica \u010dije bore pamte sav ratni u\u017eas\u2026 \u2026Doga\u0111aji su \u017eivi \u010dak i nakon 19 godina. Pa vi\u0161e puta na san do\u0111e pa ono strni. Jo\u0161 sam dva puta strave, ka\u017eu da djeluje na to. Ali\u2026 ostalo straha. Prisje\u0107a se da su tog 3.novembra 1992, nakon osvajanja sela, u kom\u0161inicinu ku\u0107u [&hellip;]<\/p>\n","protected":false},"author":59,"featured_media":29616,"comment_status":"open","ping_status":"closed","sticky":false,"template":"","format":"video","meta":{"inline_featured_image":false,"footnotes":""},"categories":[1245,1192],"tags":[],"class_list":{"0":"post-29614","1":"post","2":"type-post","3":"status-publish","4":"format-video","5":"has-post-thumbnail","7":"category-historija-video-galerija","8":"category-vijesti-video-galerija","9":"post_format-post-format-video"},"acf":[],"_links":{"self":[{"href":"https:\/\/tvsensor.com\/api\/wp\/v2\/posts\/29614","targetHints":{"allow":["GET"]}}],"collection":[{"href":"https:\/\/tvsensor.com\/api\/wp\/v2\/posts"}],"about":[{"href":"https:\/\/tvsensor.com\/api\/wp\/v2\/types\/post"}],"author":[{"embeddable":true,"href":"https:\/\/tvsensor.com\/api\/wp\/v2\/users\/59"}],"replies":[{"embeddable":true,"href":"https:\/\/tvsensor.com\/api\/wp\/v2\/comments?post=29614"}],"version-history":[{"count":1,"href":"https:\/\/tvsensor.com\/api\/wp\/v2\/posts\/29614\/revisions"}],"predecessor-version":[{"id":29615,"href":"https:\/\/tvsensor.com\/api\/wp\/v2\/posts\/29614\/revisions\/29615"}],"wp:featuredmedia":[{"embeddable":true,"href":"https:\/\/tvsensor.com\/api\/wp\/v2\/media\/29616"}],"wp:attachment":[{"href":"https:\/\/tvsensor.com\/api\/wp\/v2\/media?parent=29614"}],"wp:term":[{"taxonomy":"category","embeddable":true,"href":"https:\/\/tvsensor.com\/api\/wp\/v2\/categories?post=29614"},{"taxonomy":"post_tag","embeddable":true,"href":"https:\/\/tvsensor.com\/api\/wp\/v2\/tags?post=29614"}],"curies":[{"name":"wp","href":"https:\/\/api.w.org\/{rel}","templated":true}]}}