{"id":29586,"date":"2021-05-21T18:55:16","date_gmt":"2021-05-21T17:55:16","guid":{"rendered":"https:\/\/senzor.ba\/?p=29586"},"modified":"2024-01-15T21:35:51","modified_gmt":"2024-01-15T20:35:51","slug":"kolektivna-dzenaza-u-potocarima-ove-godine-ce-biti-ukopana-i-dva-maloljetnika-i-zena","status":"publish","type":"post","link":"https:\/\/tvsensor.com\/clanak\/kolektivna-dzenaza-u-potocarima-ove-godine-ce-biti-ukopana-i-dva-maloljetnika-i-zena\/","title":{"rendered":"Kolektivna d\u017eenaza u Poto\u010darima: Ove godine \u0107e biti ukopana i dva maloljetnika i \u017eena"},"content":{"rendered":"\n<p>Porodice \u0161esnaest \u017ertava genocida po\u010dinjenog u julu 1995. godine u Srebrenici do sada su dale saglasnost za ukop posmrtnih ostataka njihovih najmilijih na kolektivnoj d\u017eenazi 11. jula u Memorijalnom centru Srebrenica &#8211; Poto\u010dari, javlja Anadolu Agency (AA).<\/p>\n\n\n\n<p>Nekompletnost posmrtnih ostataka i dalje je problem pa se porodice te\u0161ko odlu\u010duju na ukop. Uglavnom se radi smo o nekoliko kostiju.<\/p>\n\n\n\n<p>&#8220;Do ovog trenutka za ukop u mezarju Memorijalnog centra Srebrenica &#8211; Poto\u010dari 11. jula ove godine spremni su posmrtni ostaci 16 \u017ertava. Ovaj broj nije kona\u010dan, mogao bi biti ne\u0161to ve\u0107i jer se u Podrinje identifikacionom projektu nalaze posmrtni ostaci jo\u0161 37 \u017ertava. Oni su tako\u0111er identifikovani DNK metodom i od strane porodica, me\u0111utim, porodice nisu dale saglasnost jo\u0161 uvijek, uglavnom zbog nekompletnosti&#8221;, pojasnila je Emza Fazli\u0107, glasnogovornica Instituta za nestale osobe Bosne i Hercegovine.<\/p>\n\n\n\n<p>Kako je kazala, isti je slu\u010daj sa jo\u0161 92 \u017ertve koje su identifikovane DNK metodom ali porodice jo\u0161 nikada nisu pristupile zvani\u010dnoj identifikaciji.<\/p>\n\n\n\n<p>&#8220;Problem je i nekompletnost posmrtnih ostataka. U nekim slu\u010dajevima se radi o samo jednoj kosti ili nekoliko sitnih ko\u0161\u010dica. Porodice se nadaju da \u0107e biti prona\u0111eni i ostali posmrtni ostaci uprkos \u010dinjenici da je pro\u0161lo jako puno vremena od trenutka ubistva&#8221;, istakla je Fazli\u0107.<\/p>\n\n\n\n<p>Me\u0111u \u017ertvama genocida po\u010dinjenog u ljeto 1995. godine na podru\u010dju Srebrenice za koje su porodice za sada dale saglasnost za ukop ove godine, nalaze se i dva maloljetnika.<\/p>\n\n\n\n<p>&#8220;Radi se o mladim osobama. Najstarija \u017ertva koja \u0107e biti ukopana ove godine je 56-godi\u0161nji mu\u0161karac koji je uz pomo\u0107 DNK metode identifikovan jo\u0161 2013. godine. Me\u0111utim, porodica je tek sada smogla snage za ukop. Najmla\u0111a \u017ertva je Azmir Osmanovi\u0107, imao je samo 16 godina kada je ubijen. Osim njega, bit \u0107e ukopan jo\u0161 jedan 17-godi\u0161njak. Ove godine imat \u0107emo dva maloljetnika na kolektivnoj d\u017eenazi&#8221;, naglasila je Fazli\u0107 za AA.<\/p>\n\n\n\n<p>Posmrtni ostaci Azmira Osmanovi\u0107a su prona\u0111eni prije dvije godine na lokalitetu Poljanci kod Srebrenice.<\/p>\n\n\n\n<p>&#8220;Bit \u0107e ukopana i jedna mlada \u017eena, imala je samo 24 godine kada je ubijena. Posmrtni ostaci \u017ertava koje \u0107e biti ukopane ove godine uglavnom su ekshumirani iz grobnica na podru\u010dju Srebrenice, Zvornika, na razli\u010ditim lokacijama. Posmrtni ostaci dvije \u017ertve koje \u0107e biti ukopane ove godine ekshumirani su prije skoro 20 godina i prije \u010dak 13 godina je utvr\u0111en identitet&#8221;, izjavila je Fazli\u0107.<\/p>\n\n\n\n<p>Prema njenim rije\u010dima, zbog pandemije koronavirusa susre\u0107u se i sa povla\u010denjem saglasnosti jer \u010dlanovi porodica \u017ertava nisu u mogu\u0107nosti da doputuju u BiH iz inostranstva.<\/p>\n\n\n\n<p>&#8220;Ove godine smo imali samo jedan takav slu\u010daj&#8221;, kazala je Fazli\u0107.<\/p>\n\n\n\n<p>&#8211; Kolektivna d\u017eenaza u Prijedoru 20. jula &#8211;<\/p>\n\n\n\n<p>Kada je u pitanju kolektivna d\u017eenaza u Prijedoru, formiran je organizacioni odbor za organizaciju kolektivne d\u017eenaze 20. jula ove godine.<\/p>\n\n\n\n<p>&#8220;Donesena je odluka da \u0107e se d\u017eenaza odr\u017eati uprkos \u010dinjenici da pada na prvi dan Kurban-bajrama. Koliko \u0107e \u017ertava biti ukopano jo\u0161 uvijek je rano kazati, to \u0107emo znati po\u010detkom jula kada se porodice obavijeste i kada se zaka\u017eu zvani\u010dne identifikacije&#8221;, pojasnila je Fazli\u0107.<\/p>\n\n\n\n<p>&#8211; Proces potrage za nestalim u\u0161ao je u najte\u017eu fazu &#8211;<\/p>\n\n\n\n<p>Dotakla se i pretra\u017eivanja terena u cilju pronalaska posmrtnih ostataka osoba koje se jo\u0161 uvijek vode kao nestale.<\/p>\n\n\n\n<p>&#8220;Proces potrage za nestalim u\u0161ao je u najte\u017eu fazu. Jo\u0161 uvijek tragamo za 7.579 \u017ertava proteklog rata. To je veliki broj osoba koje se jo\u0161 uvijek tra\u017ee i to su zapravo najte\u017ei slu\u010dajevi. Svjesni smo da je dosada\u0161nji na\u010din potrage za nestalim iscrpljen da je potrebno primijeniti nove metode, nove na\u010dine potrage za nestalim. Koristiti nove tehnologije kako bi se otkrile preostale masovne, pojedina\u010dne i zajedni\u010dke grobnice kojih sigurno ima jo\u0161 na desetine u na\u0161oj zemlji. Institut ulazi u nove projekte rada s lidar tehnologijom, zajedno sa Geolo\u0161kim fakultetom u Tuzli&#8221;, pojasnila je Fazli\u0107.<\/p>\n\n\n\n<p>Nada se da \u0107e ova nova tehnologija, uz pomo\u0107 helikoptera ili dronova mo\u0107i prodrijeti u tlo i na taj na\u010din analizirati tlo kako bi otkrili da li u njemu ima promjena, koje su eventualno mogli prouzrokovati posmrtni ostaci koji su negdje ukopani.<\/p>\n\n\n\n<p>&#8220;Intenzivno nastavljamo sa radom. Imamo desetine lokacija u pripremi, na kojima \u0107e se raditi ekshumacije. Na nekim lokacijama su ve\u0107 u toku&#8221;, dodala je Fazli\u0107.<\/p>\n","protected":false},"excerpt":{"rendered":"<p>Porodice \u0161esnaest \u017ertava genocida po\u010dinjenog u julu 1995. godine u Srebrenici do sada su dale saglasnost za ukop posmrtnih ostataka njihovih najmilijih na kolektivnoj d\u017eenazi 11. jula u Memorijalnom centru Srebrenica &#8211; Poto\u010dari, javlja Anadolu Agency (AA). Nekompletnost posmrtnih ostataka i dalje je problem pa se porodice te\u0161ko odlu\u010duju na ukop. Uglavnom se radi smo [&hellip;]<\/p>\n","protected":false},"author":59,"featured_media":29587,"comment_status":"open","ping_status":"closed","sticky":false,"template":"","format":"standard","meta":{"inline_featured_image":false,"footnotes":""},"categories":[38],"tags":[],"class_list":{"0":"post-29586","1":"post","2":"type-post","3":"status-publish","4":"format-standard","5":"has-post-thumbnail","7":"category-vijesti-iz-bih"},"acf":[],"_links":{"self":[{"href":"https:\/\/tvsensor.com\/api\/wp\/v2\/posts\/29586","targetHints":{"allow":["GET"]}}],"collection":[{"href":"https:\/\/tvsensor.com\/api\/wp\/v2\/posts"}],"about":[{"href":"https:\/\/tvsensor.com\/api\/wp\/v2\/types\/post"}],"author":[{"embeddable":true,"href":"https:\/\/tvsensor.com\/api\/wp\/v2\/users\/59"}],"replies":[{"embeddable":true,"href":"https:\/\/tvsensor.com\/api\/wp\/v2\/comments?post=29586"}],"version-history":[{"count":1,"href":"https:\/\/tvsensor.com\/api\/wp\/v2\/posts\/29586\/revisions"}],"predecessor-version":[{"id":29588,"href":"https:\/\/tvsensor.com\/api\/wp\/v2\/posts\/29586\/revisions\/29588"}],"wp:featuredmedia":[{"embeddable":true,"href":"https:\/\/tvsensor.com\/api\/wp\/v2\/media\/29587"}],"wp:attachment":[{"href":"https:\/\/tvsensor.com\/api\/wp\/v2\/media?parent=29586"}],"wp:term":[{"taxonomy":"category","embeddable":true,"href":"https:\/\/tvsensor.com\/api\/wp\/v2\/categories?post=29586"},{"taxonomy":"post_tag","embeddable":true,"href":"https:\/\/tvsensor.com\/api\/wp\/v2\/tags?post=29586"}],"curies":[{"name":"wp","href":"https:\/\/api.w.org\/{rel}","templated":true}]}}