{"id":29573,"date":"2021-05-21T13:47:10","date_gmt":"2021-05-21T12:47:10","guid":{"rendered":"https:\/\/senzor.ba\/?p=29573"},"modified":"2024-01-15T21:35:54","modified_gmt":"2024-01-15T20:35:54","slug":"sajam-zdravstvenog-turizma-u-sarajevu-jacanje-i-razvoj-zdravstvenog-sektora-turske-i-bih","status":"publish","type":"post","link":"https:\/\/tvsensor.com\/clanak\/sajam-zdravstvenog-turizma-u-sarajevu-jacanje-i-razvoj-zdravstvenog-sektora-turske-i-bih\/","title":{"rendered":"Sajam zdravstvenog turizma u Sarajevu: Ja\u010danje i razvoj zdravstvenog sektora Turske i BiH"},"content":{"rendered":"\n<p>U Sarajevu je u toku dvodnevni Sajam zdravstvenog turizma Bosne i Hercegovine tokom kojeg \u0107e biti promovirane presti\u017ene bolnice u Turskoj, javlja Anadolu Agency (AA).<\/p>\n\n\n\n<p>Na sajmu \u0107e biti predstavljena najnovija tehnologija i tretmani ljudima i stru\u010dnjacima u Bosni i Hercegovini u cilju ja\u010danja i razvoja zdravstvenog sektora izme\u0111u Turske i Bosne i Hercegovine.<\/p>\n\n\n\n<p>Gra\u0111ani i stru\u010dnjaci iz Bosne i Hercegovine imat \u0107e priliku u Sarajevu besplatno posjetiti sajam i upoznati turske bolnice. U\u010destvuje 18 bolnica, 16 iz Turske i dvije iz BiH.<\/p>\n\n\n\n<p>Sajam su zvani\u010dno otvorili ambasador Turske u Bosni i Hercegovini Sadik Babur Girgin i Adnan Jupi\u0107, ministar zdravstva Zeni\u010dko-dobojskog kantona.<\/p>\n\n\n\n<p>Ambasador Girgin izrazio je zadovoljstvo \u0161to je otvorio jedan ovakav sajam.<\/p>\n\n\n\n<p>&#8220;Pandemija je jo\u0161 jednom pokazala koliko je bitan sektor zdravstva&#8221;, istakao je Girgin.<\/p>\n\n\n\n<p>Podsjetio je da \u0107e Turska predstaviti i predstavlja svoje zdravstvene usluge gra\u0111anima BiH.<\/p>\n\n\n\n<p>Ministar Jupi\u0107 je poru\u010dio da je nesumnjivo da je veliki zna\u010daj ovakvih doga\u0111aja u BiH.<\/p>\n\n\n\n<p>&#8220;Mi ve\u0107 imamo prili\u010dno dobru saradnju sa zdravstvenim sektorom Republike Turske i nadam se da \u0107e ovakvi sastanci i manifestacije tu saradnju i dalje nastaviti. Na\u017ealost, mi imamo veliki broj pacijenata koji ne mogu da ostvare punu zdravstvenu uslugu, ne samo u Zeni\u010dko-dobojskom kantonu, nego i u Federaciji BiH, pa dobar dio na\u0161ih pacijenata treba lije\u010denje u inostranstvu. U posljednje vrijeme se saradnja sa Turskom znatno popravlja i sve ve\u0107i broj ljudi svoja prava ostvaruju u zdravstvenim ustanovama u Turskoj&#8221;, pojasnio je Jupi\u0107.<\/p>\n\n\n\n<p>Prema njegovim rije\u010dima, odre\u0111ene turske zdravstvene grupacije imaju potpisane ugovore sa Fondom zdravstvene za\u0161tite.<\/p>\n\n\n\n<p>&#8220;\u0160to zna\u010di da na\u0161i pacijenti neke usluge prakti\u010dno ostvaruju na teret Fonda. Siguran sam da postoji puno prostora, ne samo u upu\u0107ivanju na\u0161ih pacijenata u Republiku Turske, nego i prostor za investicije u Bosni i Hercegovini, saradnja me\u0111u medicinskim fakultetima&#8221;, dodao je Jupi\u0107.<\/p>\n\n\n\n<p>Prof. dr. Sedat Ziyade iz Univerzitetske vakufske bolnice &#8220;Bezmialem&#8221; u Istanbulu podsjetio je da je bolnica osnovana 1845. godine.<\/p>\n\n\n\n<p>&#8220;Neprofitna je bolnica osnovana u osmanskom periodu. Posljednjih godina Turska je \u010duvena po zdravstvenom turizmu. Univerzitetska bolnica raspola\u017ee stru\u010dnjacima iz svih oblasti. Do\u0161li smo da se predstavimo na ovom sajmu&#8221;, pojasnio je Ziyade.<\/p>\n\n\n\n<p>Stru\u010dnjaci ove bolnice su predani eti\u010dkim vrijednostima, provode i sveobuhvatnu saradnju s nacionalnim i me\u0111unarodnim zdravstvenim organizacijama i nastavljaju razvijati nove metode dijagnoze i lije\u010denja kao pionirska organizacija koja doprinosi razvoju nauka o zdravlju.<\/p>\n\n\n\n<p>Dotakao se i va\u017enosti promocija bolnica u vrijeme pandemije koronavirusa.<\/p>\n\n\n\n<p>&#8220;Bitno je da gra\u0111ani znaju da postoji alternativa. Bosna i Hercegovina se smatra bratskom zemljom u Turskoj&#8221;, dodao je Ziyade.<\/p>\n\n\n\n<p>Feride Hande Gemici iz bolnice &#8220;Huma&#8221;, koja se bavi ginekologijom i ujedno je i porodili\u0161te, podsjetila je da su osnovani 2004. godine kao prvi centar za zdravlje \u017eena u gradu Kayseri u Turskoj.<\/p>\n\n\n\n<p>Kasnije, 2006. godine, po\u010dela je da slu\u017ei kao prva ginekolo\u0161ko-aku\u0161erska bolnica u Anadoliji.<\/p>\n\n\n\n<p>&#8220;Bosna i Hercegovina je za Tursku dragocjena zemlja, Ovdje smo da uspostavimo veze sa gra\u0111anima i da \u017eenama pru\u017eimo najpovoljnije usluge&#8221;, pojasnila je Gemici.<\/p>\n\n\n\n<p>Sajam \u0107e biti otvoren za posjetitelje dva dana od 11 do 17 sati.<\/p>\n","protected":false},"excerpt":{"rendered":"<p>U Sarajevu je u toku dvodnevni Sajam zdravstvenog turizma Bosne i Hercegovine tokom kojeg \u0107e biti promovirane presti\u017ene bolnice u Turskoj, javlja Anadolu Agency (AA). Na sajmu \u0107e biti predstavljena najnovija tehnologija i tretmani ljudima i stru\u010dnjacima u Bosni i Hercegovini u cilju ja\u010danja i razvoja zdravstvenog sektora izme\u0111u Turske i Bosne i Hercegovine. Gra\u0111ani [&hellip;]<\/p>\n","protected":false},"author":59,"featured_media":29574,"comment_status":"open","ping_status":"closed","sticky":false,"template":"","format":"standard","meta":{"inline_featured_image":false,"footnotes":""},"categories":[38],"tags":[],"class_list":{"0":"post-29573","1":"post","2":"type-post","3":"status-publish","4":"format-standard","5":"has-post-thumbnail","7":"category-vijesti-iz-bih"},"acf":[],"_links":{"self":[{"href":"https:\/\/tvsensor.com\/api\/wp\/v2\/posts\/29573","targetHints":{"allow":["GET"]}}],"collection":[{"href":"https:\/\/tvsensor.com\/api\/wp\/v2\/posts"}],"about":[{"href":"https:\/\/tvsensor.com\/api\/wp\/v2\/types\/post"}],"author":[{"embeddable":true,"href":"https:\/\/tvsensor.com\/api\/wp\/v2\/users\/59"}],"replies":[{"embeddable":true,"href":"https:\/\/tvsensor.com\/api\/wp\/v2\/comments?post=29573"}],"version-history":[{"count":1,"href":"https:\/\/tvsensor.com\/api\/wp\/v2\/posts\/29573\/revisions"}],"predecessor-version":[{"id":29575,"href":"https:\/\/tvsensor.com\/api\/wp\/v2\/posts\/29573\/revisions\/29575"}],"wp:featuredmedia":[{"embeddable":true,"href":"https:\/\/tvsensor.com\/api\/wp\/v2\/media\/29574"}],"wp:attachment":[{"href":"https:\/\/tvsensor.com\/api\/wp\/v2\/media?parent=29573"}],"wp:term":[{"taxonomy":"category","embeddable":true,"href":"https:\/\/tvsensor.com\/api\/wp\/v2\/categories?post=29573"},{"taxonomy":"post_tag","embeddable":true,"href":"https:\/\/tvsensor.com\/api\/wp\/v2\/tags?post=29573"}],"curies":[{"name":"wp","href":"https:\/\/api.w.org\/{rel}","templated":true}]}}