{"id":29567,"date":"2021-05-21T11:15:09","date_gmt":"2021-05-21T10:15:09","guid":{"rendered":"https:\/\/senzor.ba\/?p=29567"},"modified":"2024-01-15T21:35:56","modified_gmt":"2024-01-15T20:35:56","slug":"ap-dao-otkaz-novinarki-zbog-kritikovanja-izraela-bbc-na-udaru-zbog-pristrasnog-izvjestavanja","status":"publish","type":"post","link":"https:\/\/tvsensor.com\/clanak\/ap-dao-otkaz-novinarki-zbog-kritikovanja-izraela-bbc-na-udaru-zbog-pristrasnog-izvjestavanja\/","title":{"rendered":"AP dao otkaz novinarki zbog kritikovanja Izraela, BBC na udaru zbog pristrasnog izvje\u0161tavanja"},"content":{"rendered":"\n<p>Ameri\u010dka novinska agencija Associated Press (AP) otpustila je novinarku Emily Wilder koja je kritikovala izraelsko postupanje prema Palestinacima u Sheikh Jerrahu, kao i na\u010din na koji mediji tretiraju te doga\u0111aje, javlja Anadolu Agency (AA).<\/p>\n\n\n\n<p>U e-po\u0161ti koja je poslana zaposlenicima AP-a a koju su neki od njih podijelili na dru\u0161tvenim mre\u017eama, navedeno je da Wilder vi\u0161e ne radi za ovu medijsku ku\u0107u.<\/p>\n\n\n\n<p>Kasnije je Wilder pozadinu ovog incidenta ispri\u010dala kolegama iz &#8220;Washington Posta&#8221;, isti\u010du\u0107i kako je ugovor s AP-om raskinut s obrazlo\u017eenjem da je kr\u0161ila na\u010dela kori\u0161tenja dru\u0161tvenih mre\u017ea, ali da joj nije predo\u010deno koja je to na\u010dela prekr\u0161ila.<\/p>\n\n\n\n<p>Napominju\u0107i da je Jevrejka i da nikada nije skrivala svoj identitet i li\u010dnost aktivistice, Wilder je izjavila da je tokom studentskih godina na Univerzitetu Stanford aktivno u\u010destvovala u klubovima kao \u0161to su &#8220;Studenti za pravdu za Palestinu&#8221; i &#8220;Glas Jevreja za mir&#8221;, odnosno kako je uvijek kritikovala izraelsku praksu prema Palestincima.<\/p>\n\n\n\n<p>Isti\u010du\u0107i da je u AP-u po\u010dela raditi 3. maja, Wilder je navela da su njeni tvitovi u kojima kritikuje izraelsku praksu prema Palestincima, posebno u okrugu Sheikh Jerrah, i na\u010din na koji su se mediji bavili tim procesom, od strane pojedinih krugova pretvoreni u kampanju protiv nje.<\/p>\n\n\n\n<p>&#8220;Re\u0107i Izrael, ali nikad ne re\u0107i Palestina, kazati rat, a nikada opsada ili okupacija politi\u010dki su izbori, ali mediji uvijek koriste takve jasne preferencije bez upozorenja da su &#8216;jednostrane'&#8221;, jedan je od tvitova koji je Wilder napisala.<\/p>\n\n\n\n<p>Ona je navela da su neki republikanski konzervativni krugovi na Stanfordu izvr\u0161ili pritisak na AP aktueliziraju\u0107i neke njene stare objave na dru\u0161tvenim mre\u017eama, zatim je ova kampanja rasla te, kako je kazala, AP nije mogao odoljeti tim pritiscima.<\/p>\n\n\n\n<p>&#8220;Sve je to rezultat kampanje protiv mene. Po mom mi\u0161ljenju, AP je podlegao tim smije\u0161nim zahtjevima i jeftinim prijetnjama&#8221;, poru\u010dila je Wilder, nagla\u0161avaju\u0107i kako je sretna zbog poruka podr\u0161ke koje su joj upu\u0107ene nakon \u0161to je dobila otkaz.<\/p>\n\n\n\n<p>Tokom izraelskih napada na Gazu uni\u0161tena je zgrada u kojoj su se nalazili uredi AP-a i Al Jazeere. AP je osudio napad, a mnoge me\u0111unarodne institucije, posebno Bijela ku\u0107a, izjavile su da akcije &#8220;usmjerene na spre\u010davanje rada medijskih organizacija&#8221; ne mogu biti prihva\u0107ene.<\/p>\n\n\n\n<p>&#8211; Pro-izraelski stavovi BBC-ja izazvali reakcije &#8211;<\/p>\n\n\n\n<p>Ono \u0161to je tako\u0111er nai\u0161lo na vrlo o\u0161tre reakcije na dru\u0161tvenim mre\u017eama, a u kontekstu posljednjih napada na Gazu, jeste pristrasnost britanske javne televizije BBC prema Izraelu, u \u010dijim napadima su ubijene desetine djece.<\/p>\n\n\n\n<p>BBC je u svojim tekstovima za djecu ubijenu u izraelskim napadima na Gazu koristio termin &#8220;umrli&#8221;, pa se u vijestima moglo pro\u010ditati da je &#8220;U Gazi umrlo 212 osoba, me\u0111u kojima 61 dijete. U Izraelu ubijeno 12 osoba, jedno dijete&#8221;.<\/p>\n\n\n\n<p>BBC, \u010dije je izvje\u0161tavanje bilo pristrasno od po\u010detka napada, nije odgovorio na pitanja novinara AA o tome &#8220;za\u0161to je takav jezik preferiran&#8221;.<\/p>\n\n\n\n<p>Ovakvo izvje\u0161tavanje BBC-ja nai\u0161lo je tako\u0111er i na reakcije na dru\u0161tvenim mre\u017eama pa su se u tom kontekstu mogli pro\u010ditati komentari s osudama.<\/p>\n\n\n\n<p>&#8220;Sramotno. BBC jo\u0161 jednom izvje\u0161tava da su Palestinci &#8216;umrli&#8217;, a Izraelci ubijeni. Ovo je sramota i neprihvatljivo&#8221;, napisao je korisnik Twittera Waqas Tufail.<\/p>\n\n\n\n<p>Osoba po imenu Simon na Twitteru je napisala: &#8220;Dr\u017eavna propaganda koja podr\u017eava re\u017eim aparthejda. To je tako jednostavno. Sramotno.&#8221;<\/p>\n\n\n\n<p>&#8211; Deutsche Welle ograni\u010dio kriti\u010dko izvje\u0161tavanje o Izraelu &#8211;<\/p>\n\n\n\n<p>Deutsche Welle (DW), njema\u010dka me\u0111unarodna medijska ku\u0107a, ograni\u010dila je kriti\u010dko izvje\u0161tavanje o Izraelu, pozivaju\u0107i se na posebnu odgovornost Njema\u010dke prema jevrejskoj dr\u017eavi zbog genocida.<\/p>\n\n\n\n<p>Uredni\u0161tvo DW-a u novom brifingu upu\u0107enom svom osoblju nakon aktuelnih de\u0161avanja u toj regiji, zabranilo je svojim novinarima i urednicima da Izrael opisuju kao re\u017eim aparthejda (rasisti\u010dka politika) i izvje\u0161tavaju o zlo\u010dinima nad Palestincima.<\/p>\n\n\n\n<p>U dokumentu na dvije stranice koji je procurio i podijeljen na dru\u0161tvenim mre\u017eama navodi se da naslije\u0111e genocida i posebna odgovornost Njema\u010dke prema Izraelu i dalje predstavljaju va\u017ene osnove Ustava i vanjske politike Njema\u010dke.<\/p>\n\n\n\n<p>&#8220;Kao DW, nikada ne dovodimo u pitanje pravo Izraela na postojanje kao dr\u017eave, a ne dopu\u0161tamo ni osobama u na\u0161im vijestima da to \u010dine&#8221;, navodi se u dokumentu.<\/p>\n","protected":false},"excerpt":{"rendered":"<p>Ameri\u010dka novinska agencija Associated Press (AP) otpustila je novinarku Emily Wilder koja je kritikovala izraelsko postupanje prema Palestinacima u Sheikh Jerrahu, kao i na\u010din na koji mediji tretiraju te doga\u0111aje, javlja Anadolu Agency (AA). U e-po\u0161ti koja je poslana zaposlenicima AP-a a koju su neki od njih podijelili na dru\u0161tvenim mre\u017eama, navedeno je da Wilder [&hellip;]<\/p>\n","protected":false},"author":7,"featured_media":29568,"comment_status":"open","ping_status":"closed","sticky":false,"template":"","format":"standard","meta":{"inline_featured_image":false,"footnotes":""},"categories":[376,41],"tags":[],"class_list":{"0":"post-29567","1":"post","2":"type-post","3":"status-publish","4":"format-standard","5":"has-post-thumbnail","7":"category-featured","8":"category-svijet"},"acf":[],"_links":{"self":[{"href":"https:\/\/tvsensor.com\/api\/wp\/v2\/posts\/29567","targetHints":{"allow":["GET"]}}],"collection":[{"href":"https:\/\/tvsensor.com\/api\/wp\/v2\/posts"}],"about":[{"href":"https:\/\/tvsensor.com\/api\/wp\/v2\/types\/post"}],"author":[{"embeddable":true,"href":"https:\/\/tvsensor.com\/api\/wp\/v2\/users\/7"}],"replies":[{"embeddable":true,"href":"https:\/\/tvsensor.com\/api\/wp\/v2\/comments?post=29567"}],"version-history":[{"count":1,"href":"https:\/\/tvsensor.com\/api\/wp\/v2\/posts\/29567\/revisions"}],"predecessor-version":[{"id":29569,"href":"https:\/\/tvsensor.com\/api\/wp\/v2\/posts\/29567\/revisions\/29569"}],"wp:featuredmedia":[{"embeddable":true,"href":"https:\/\/tvsensor.com\/api\/wp\/v2\/media\/29568"}],"wp:attachment":[{"href":"https:\/\/tvsensor.com\/api\/wp\/v2\/media?parent=29567"}],"wp:term":[{"taxonomy":"category","embeddable":true,"href":"https:\/\/tvsensor.com\/api\/wp\/v2\/categories?post=29567"},{"taxonomy":"post_tag","embeddable":true,"href":"https:\/\/tvsensor.com\/api\/wp\/v2\/tags?post=29567"}],"curies":[{"name":"wp","href":"https:\/\/api.w.org\/{rel}","templated":true}]}}