{"id":29563,"date":"2021-05-21T11:09:41","date_gmt":"2021-05-21T10:09:41","guid":{"rendered":"https:\/\/senzor.ba\/?p=29563"},"modified":"2024-01-15T21:35:56","modified_gmt":"2024-01-15T20:35:56","slug":"novi-protest-i-nova-obecanja-radnicima-krivaje","status":"publish","type":"post","link":"https:\/\/tvsensor.com\/clanak\/novi-protest-i-nova-obecanja-radnicima-krivaje\/","title":{"rendered":"Novi protest i nova obe\u0107anja radnicima Krivaje"},"content":{"rendered":"\n<figure class=\"wp-block-embed is-type-video is-provider-youtube wp-block-embed-youtube wp-embed-aspect-16-9 wp-has-aspect-ratio\"><div class=\"wp-block-embed__wrapper\">\n<iframe loading=\"lazy\" title=\"Novi protest i nova obe\u0107anja radnicima Krivaje\" width=\"696\" height=\"392\" src=\"https:\/\/www.youtube.com\/embed\/gCIK6aqJeAM?feature=oembed\" frameborder=\"0\" allow=\"accelerometer; autoplay; clipboard-write; encrypted-media; gyroscope; picture-in-picture\" allowfullscreen><\/iframe>\n<\/div><\/figure>\n\n\n\n<p>Novi protest radnika Krivaje rezultirao je privremenom blokadom saobra\u0107ajnice ispred zgrade Vlade Federacije BiH u Sarajevu. Radnici su najavili mogu\u0107nost ponovnog okupljanja ako federalne vlasti ne ispune data obe\u0107anja.<\/p>\n\n\n\n<p>Vlada je najavila reviziju privatizacije Krivaje u roku dva mjeseca, te uvezivanje radnog sta\u017ea za dio radnika koji ne mogu ostvariti pravo na penziju.<\/p>\n\n\n\n<p><br>Djelimi\u010dno zadovoljni obe\u0107anjima, pet godina nakon prodaje kompanije, radnici kontinuirano prava tra\u017ee na ulici i blokadom saobra\u0107ajnica.<\/p>\n\n\n\n<p>IZVOR:&nbsp;AL JAZEERA<\/p>\n","protected":false},"excerpt":{"rendered":"<p>Novi protest radnika Krivaje rezultirao je privremenom blokadom saobra\u0107ajnice ispred zgrade Vlade Federacije BiH u Sarajevu. Radnici su najavili mogu\u0107nost ponovnog okupljanja ako federalne vlasti ne ispune data obe\u0107anja. Vlada je najavila reviziju privatizacije Krivaje u roku dva mjeseca, te uvezivanje radnog sta\u017ea za dio radnika koji ne mogu ostvariti pravo na penziju. Djelimi\u010dno zadovoljni [&hellip;]<\/p>\n","protected":false},"author":7,"featured_media":29564,"comment_status":"open","ping_status":"closed","sticky":false,"template":"","format":"standard","meta":{"inline_featured_image":false,"footnotes":""},"categories":[376,38],"tags":[],"class_list":{"0":"post-29563","1":"post","2":"type-post","3":"status-publish","4":"format-standard","5":"has-post-thumbnail","7":"category-featured","8":"category-vijesti-iz-bih"},"acf":[],"_links":{"self":[{"href":"https:\/\/tvsensor.com\/api\/wp\/v2\/posts\/29563","targetHints":{"allow":["GET"]}}],"collection":[{"href":"https:\/\/tvsensor.com\/api\/wp\/v2\/posts"}],"about":[{"href":"https:\/\/tvsensor.com\/api\/wp\/v2\/types\/post"}],"author":[{"embeddable":true,"href":"https:\/\/tvsensor.com\/api\/wp\/v2\/users\/7"}],"replies":[{"embeddable":true,"href":"https:\/\/tvsensor.com\/api\/wp\/v2\/comments?post=29563"}],"version-history":[{"count":2,"href":"https:\/\/tvsensor.com\/api\/wp\/v2\/posts\/29563\/revisions"}],"predecessor-version":[{"id":29566,"href":"https:\/\/tvsensor.com\/api\/wp\/v2\/posts\/29563\/revisions\/29566"}],"wp:featuredmedia":[{"embeddable":true,"href":"https:\/\/tvsensor.com\/api\/wp\/v2\/media\/29564"}],"wp:attachment":[{"href":"https:\/\/tvsensor.com\/api\/wp\/v2\/media?parent=29563"}],"wp:term":[{"taxonomy":"category","embeddable":true,"href":"https:\/\/tvsensor.com\/api\/wp\/v2\/categories?post=29563"},{"taxonomy":"post_tag","embeddable":true,"href":"https:\/\/tvsensor.com\/api\/wp\/v2\/tags?post=29563"}],"curies":[{"name":"wp","href":"https:\/\/api.w.org\/{rel}","templated":true}]}}