{"id":29531,"date":"2021-05-20T20:36:41","date_gmt":"2021-05-20T19:36:41","guid":{"rendered":"https:\/\/senzor.ba\/?p=29531"},"modified":"2024-01-15T21:36:00","modified_gmt":"2024-01-15T20:36:00","slug":"komsic-karadzica-bi-trebalo-poslati-u-sjevernu-koreju-v-britanija-mu-je-previse-ugodna","status":"publish","type":"post","link":"https:\/\/tvsensor.com\/clanak\/komsic-karadzica-bi-trebalo-poslati-u-sjevernu-koreju-v-britanija-mu-je-previse-ugodna\/","title":{"rendered":"Kom\u0161i\u0107: Karad\u017ei\u0107a bi trebalo poslati u Sjevernu Koreju, V. Britanija mu je previ\u0161e ugodna"},"content":{"rendered":"\n<p>\u010clan Predsjedni\u0161tva Bosne i Hercegovine \u017deljko Kom\u0161i\u0107 je reagovao na pismo koje je Milorad Dodik poslao sudiji Carmelu Agiusu o premije\u0161tanju Radovana Karad\u017ei\u0107a u britanski zatvor.<\/p>\n\n\n\n<p>Ono \u0161to je Kom\u0161i\u0107a najvi\u0161e naljutilo je \u010dinjenica da je Dodik pisao Aigusu u svojstvu predsjedavaju\u0107eg Predsjedni\u0161tva BiH.<\/p>\n\n\n\n<p>&#8211; Ne \u017eelim ulaziti u to ho\u0107e li Milorad privatno pisati sudijama suda koji ina\u010de ve\u0107 godinama ne priznaje i javno se stavljati na stranu ratnog zlo\u010dinca. \u010cak mi je mo\u017eda i drago da to radi. Ako ima neko u svijetu da ne zna kakav je, da sazna kroz ovakva pisma. Me\u0111utim, zloupotrijebio je instituciju Predsjedni\u0161tva Bosne i Hercegovine, a to je nedopustivo, jer ovo nije stav Predsjedni\u0161tva i dr\u017eave Bosne i Hercegovine \u2013 rekao je Kom\u0161i\u0107.<\/p>\n\n\n\n<p>Dodaje kako \u0107e svima uputiti upozorenje da Milorad Dodik ne pi\u0161e u ime Predsjedni\u0161tva BiH.<\/p>\n\n\n\n<p>&#8211; Da je to pismo la\u017eno potpisano i predstavljeno \u0107e biti svi obavije\u0161teni, a on neka brani krvnike i zlo\u010dince i potpisuje se kao Milorad \u2013 rekao je.<\/p>\n\n\n\n<p>Na kraju zaklju\u010duje: \u201cMoj stav je recimo da je Karad\u017ei\u0107u Velika Britanija previ\u0161e ugodna za boravak i da ga je trebalo poslati u Sjevernu Koreju\u201d.<\/p>\n\n\n\n<p>Naime, Milorad Dodik je poslao pismo predsjedniku Me\u0111unarodnog rezidualnog mehanizama za kaznene sudove Carmel Agius sa zahtjevom da Radovan Karad\u017ei\u0107 bude preba\u010den u neki drugi evropski zatvor na odslu\u017eivanje kazne, umjesto u Veliku Britaniju, a \u010dak je i predlo\u017eio Bosnu i Hercegovinu i Srbiju.<\/p>\n","protected":false},"excerpt":{"rendered":"<p>\u010clan Predsjedni\u0161tva Bosne i Hercegovine \u017deljko Kom\u0161i\u0107 je reagovao na pismo koje je Milorad Dodik poslao sudiji Carmelu Agiusu o premije\u0161tanju Radovana Karad\u017ei\u0107a u britanski zatvor. Ono \u0161to je Kom\u0161i\u0107a najvi\u0161e naljutilo je \u010dinjenica da je Dodik pisao Aigusu u svojstvu predsjedavaju\u0107eg Predsjedni\u0161tva BiH. &#8211; Ne \u017eelim ulaziti u to ho\u0107e li Milorad privatno pisati [&hellip;]<\/p>\n","protected":false},"author":59,"featured_media":29532,"comment_status":"open","ping_status":"closed","sticky":false,"template":"","format":"standard","meta":{"inline_featured_image":false,"footnotes":""},"categories":[234],"tags":[],"class_list":{"0":"post-29531","1":"post","2":"type-post","3":"status-publish","4":"format-standard","5":"has-post-thumbnail","7":"category-politika"},"acf":[],"_links":{"self":[{"href":"https:\/\/tvsensor.com\/api\/wp\/v2\/posts\/29531","targetHints":{"allow":["GET"]}}],"collection":[{"href":"https:\/\/tvsensor.com\/api\/wp\/v2\/posts"}],"about":[{"href":"https:\/\/tvsensor.com\/api\/wp\/v2\/types\/post"}],"author":[{"embeddable":true,"href":"https:\/\/tvsensor.com\/api\/wp\/v2\/users\/59"}],"replies":[{"embeddable":true,"href":"https:\/\/tvsensor.com\/api\/wp\/v2\/comments?post=29531"}],"version-history":[{"count":1,"href":"https:\/\/tvsensor.com\/api\/wp\/v2\/posts\/29531\/revisions"}],"predecessor-version":[{"id":29533,"href":"https:\/\/tvsensor.com\/api\/wp\/v2\/posts\/29531\/revisions\/29533"}],"wp:featuredmedia":[{"embeddable":true,"href":"https:\/\/tvsensor.com\/api\/wp\/v2\/media\/29532"}],"wp:attachment":[{"href":"https:\/\/tvsensor.com\/api\/wp\/v2\/media?parent=29531"}],"wp:term":[{"taxonomy":"category","embeddable":true,"href":"https:\/\/tvsensor.com\/api\/wp\/v2\/categories?post=29531"},{"taxonomy":"post_tag","embeddable":true,"href":"https:\/\/tvsensor.com\/api\/wp\/v2\/tags?post=29531"}],"curies":[{"name":"wp","href":"https:\/\/api.w.org\/{rel}","templated":true}]}}