{"id":29307,"date":"2021-05-18T11:02:07","date_gmt":"2021-05-18T10:02:07","guid":{"rendered":"https:\/\/senzor.ba\/?p=29307"},"modified":"2024-01-15T21:36:37","modified_gmt":"2024-01-15T20:36:37","slug":"gradjani-sarajeva-desavanja-u-gazi-su-kao-ono-sto-se-desilo-u-bih","status":"publish","type":"post","link":"https:\/\/tvsensor.com\/clanak\/gradjani-sarajeva-desavanja-u-gazi-su-kao-ono-sto-se-desilo-u-bih\/","title":{"rendered":"Gra\u0111ani Sarajeva: De\u0161avanja u Gazi su kao ono \u0161to se desilo u BiH"},"content":{"rendered":"\n<p>Fotografije i snimci razaranja Gaze i ubijene djece ovih dana ponovo su u \u017ei\u017ei svjetske javnosti zbog napada izraelskih snaga u kojima je \u017eivot izgubilo najmanje 212 osoba, a ranjeno 1.400 ljudi. Me\u0111u poginulim je 61 dijete i 36 \u017eena.<\/p>\n\n\n\n<p>Fotografije i snimci iz Gaze gra\u0111ane Sarajeva vra\u0107aju u &#8216;90-te kada je Bosna i Hercegovina bila napadnuta, javlja Anadolu Agency (AA).<\/p>\n\n\n\n<p>&#8220;Ka\u017ee se da Bog ne\u0107e promijeniti stanje jednog naroda dok narod sam sebe ne promijeni. Bez obzira na vjeru, rasu i pripadnost ljudski \u017eivot je, po svim vjerama, dragocjen. De\u0161avanja u Gazi su ista kao i ono \u0161to se desilo u BiH&#8221;, kazala je Sedina Milavica (59), koja je u vojnoj mirovini.<\/p>\n\n\n\n<p>Komentarisala je ubijanje nevinih civila, uklju\u010duju\u0107i \u017eene i djecu.<\/p>\n\n\n\n<p>&#8220;To je agresija na \u010dovjeka. Podsje\u0107a me na BiH. Svako ljudsko srce ne mo\u017ee ostati nijemo na stradanje nedu\u017enih ljudi. Neka svako pomisli na svoju porodicu, kako bi njemu bilo da se \u010dlanovima njegove porodice to desi&#8221;, istakla je Milavica.<\/p>\n\n\n\n<p>Ona je u\u010destvovala u odbrani BiH &#8216;90-ih godina, a kako je kazala, te\u0161ko joj je gledati fotografije i snimke ubijene djece i \u017eena iz Gaze. Smatra da je razli\u010ditost vjera veliko bogatstvo i da bi trebali u\u010diti jedni od drugih.<\/p>\n\n\n\n<p>&#8220;\u0160to se ti\u010de de\u0161avanja u Gazi, \u017eelim re\u0107i da suosje\u0107am s njima, podsje\u0107a me na rat koji je bio kod nas. Jako je te\u0161ko gledati \u0161ta se de\u0161ava tamo, voljela bih da se to \u0161to prije okon\u010da i da se vi\u0161e nikada i nigdje ne desi i ne ponovi&#8221;, kazala je Merima Brekalovi\u0107 (27), koja je zavr\u0161ila Fakultet zdravstvenih studija.<\/p>\n\n\n\n<p>Dragan Miokovi\u0107, penzionisani sarajevski policajac, kao neko ko je svjedo\u010dio agresiji na BiH, smatra &#8220;da je ono \u0161to se radi narodu Palestine ratni zlo\u010din&#8221;.<\/p>\n\n\n\n<p>&#8220;Moje mi\u0161ljenje je da je stvarni cilj onoga \u0161to Izrael radi Palestini da se ti ljudi pokrenu, da pobjegnu s tog prostora&#8221;, pojasnio je Miokovi\u0107.<\/p>\n\n\n\n<p>Dotakao se i informacija koje su objavljene u medijima, a da je izraelska vojska eliminisala jednog \u010dlana pokreta &#8220;Islamski d\u017eihad&#8221;, a da je u izraelskim napadima ubijeno najmanje 212 osoba, uklju\u010duju\u0107i 61 dijete i 36 \u017eena.<\/p>\n\n\n\n<p>&#8220;Ako je to reakcija jedne od najsofisticiranije vojske, a izraelska to jeste, onda ja ne znam \u0161ta je agresija&#8221;, dodao je Miokovi\u0107.<\/p>\n","protected":false},"excerpt":{"rendered":"<p>Fotografije i snimci razaranja Gaze i ubijene djece ovih dana ponovo su u \u017ei\u017ei svjetske javnosti zbog napada izraelskih snaga u kojima je \u017eivot izgubilo najmanje 212 osoba, a ranjeno 1.400 ljudi. Me\u0111u poginulim je 61 dijete i 36 \u017eena. Fotografije i snimci iz Gaze gra\u0111ane Sarajeva vra\u0107aju u &#8216;90-te kada je Bosna i Hercegovina [&hellip;]<\/p>\n","protected":false},"author":7,"featured_media":29308,"comment_status":"open","ping_status":"closed","sticky":false,"template":"","format":"standard","meta":{"inline_featured_image":false,"footnotes":""},"categories":[376,38],"tags":[],"class_list":{"0":"post-29307","1":"post","2":"type-post","3":"status-publish","4":"format-standard","5":"has-post-thumbnail","7":"category-featured","8":"category-vijesti-iz-bih"},"acf":[],"_links":{"self":[{"href":"https:\/\/tvsensor.com\/api\/wp\/v2\/posts\/29307","targetHints":{"allow":["GET"]}}],"collection":[{"href":"https:\/\/tvsensor.com\/api\/wp\/v2\/posts"}],"about":[{"href":"https:\/\/tvsensor.com\/api\/wp\/v2\/types\/post"}],"author":[{"embeddable":true,"href":"https:\/\/tvsensor.com\/api\/wp\/v2\/users\/7"}],"replies":[{"embeddable":true,"href":"https:\/\/tvsensor.com\/api\/wp\/v2\/comments?post=29307"}],"version-history":[{"count":1,"href":"https:\/\/tvsensor.com\/api\/wp\/v2\/posts\/29307\/revisions"}],"predecessor-version":[{"id":29309,"href":"https:\/\/tvsensor.com\/api\/wp\/v2\/posts\/29307\/revisions\/29309"}],"wp:featuredmedia":[{"embeddable":true,"href":"https:\/\/tvsensor.com\/api\/wp\/v2\/media\/29308"}],"wp:attachment":[{"href":"https:\/\/tvsensor.com\/api\/wp\/v2\/media?parent=29307"}],"wp:term":[{"taxonomy":"category","embeddable":true,"href":"https:\/\/tvsensor.com\/api\/wp\/v2\/categories?post=29307"},{"taxonomy":"post_tag","embeddable":true,"href":"https:\/\/tvsensor.com\/api\/wp\/v2\/tags?post=29307"}],"curies":[{"name":"wp","href":"https:\/\/api.w.org\/{rel}","templated":true}]}}