{"id":29304,"date":"2021-05-18T10:58:41","date_gmt":"2021-05-18T09:58:41","guid":{"rendered":"https:\/\/senzor.ba\/?p=29304"},"modified":"2024-01-15T21:36:38","modified_gmt":"2024-01-15T20:36:38","slug":"kardinal-puljic-o-stanju-na-bliskom-istoku-toliki-broj-ubijenih-na-poseban-nacin-djece-nikoga-ne-ostavlja-ravnodusnim","status":"publish","type":"post","link":"https:\/\/tvsensor.com\/clanak\/kardinal-puljic-o-stanju-na-bliskom-istoku-toliki-broj-ubijenih-na-poseban-nacin-djece-nikoga-ne-ostavlja-ravnodusnim\/","title":{"rendered":"Kardinal Pulji\u0107 o stanju na Bliskom istoku: Toliki broj ubijenih, na poseban na\u010din djece, nikoga ne ostavlja ravnodu\u0161nim"},"content":{"rendered":"\n<p>S velikom tugom i zabrinuto\u0161\u0107u u proteklim danima pratim vijesti iz Svete zemlje gdje se ponovno vode \u017eestoki oru\u017eani sukobi izme\u0111u Palestinaca i Izraelaca, naveo je Vinko kardinal Pulji\u0107, vrhbosanski nadbiskup i predsjednik Biskupske konferencije BiH, javlja Anadolu Agency (AA).<\/p>\n\n\n\n<p>Kardinal Pulji\u0107 oglasio se povodom sukoba u Svetoj zemlji koji su se intenzivirali u proteklim danima.<\/p>\n\n\n\n<p>&#8220;Toliki broj ranjenih i ubijenih, na poseban na\u010din djece, nikoga ne ostavlja ravnodu\u0161nim. Svi mi koji smo pre\u017eivjeli strahotu ratnih stradanja dobro znamo da u ratu u kona\u010dnici nema pobjednika te kako svi gube, da se oru\u017ejem problemi ne rje\u0161avaju nego kako se na taj na\u010din samo umna\u017ea zlo. Otvoreni dijalog, put susreta i oprosta nemaju alternativu. Samo tako se ovo zlo mo\u017ee zaustaviti. Molim svemogu\u0107eg Boga, stvoritelja svih ljudi, da odgovorni, s obje strane, te cijela me\u0111unarodna zajednica \u010dim prije prona\u0111u pravedno rje\u0161enje koje \u0107e zaustaviti stradanje nedu\u017enih, osobito djece, kako bi na tom podru\u010dju po\u010dela izgradnja mira i me\u0111usobnog povjerenja&#8221;, rekao je vrhbosanski nadbiskup i metropolita uzoriti Vinko kardinal Pulji\u0107 u poruci u kojoj je pozvao na prekid sukoba i rje\u0161avanje problema dijalogom.<\/p>\n","protected":false},"excerpt":{"rendered":"<p>S velikom tugom i zabrinuto\u0161\u0107u u proteklim danima pratim vijesti iz Svete zemlje gdje se ponovno vode \u017eestoki oru\u017eani sukobi izme\u0111u Palestinaca i Izraelaca, naveo je Vinko kardinal Pulji\u0107, vrhbosanski nadbiskup i predsjednik Biskupske konferencije BiH, javlja Anadolu Agency (AA). Kardinal Pulji\u0107 oglasio se povodom sukoba u Svetoj zemlji koji su se intenzivirali u proteklim [&hellip;]<\/p>\n","protected":false},"author":7,"featured_media":29305,"comment_status":"open","ping_status":"closed","sticky":false,"template":"","format":"standard","meta":{"inline_featured_image":false,"footnotes":""},"categories":[376,38],"tags":[],"class_list":{"0":"post-29304","1":"post","2":"type-post","3":"status-publish","4":"format-standard","5":"has-post-thumbnail","7":"category-featured","8":"category-vijesti-iz-bih"},"acf":[],"_links":{"self":[{"href":"https:\/\/tvsensor.com\/api\/wp\/v2\/posts\/29304","targetHints":{"allow":["GET"]}}],"collection":[{"href":"https:\/\/tvsensor.com\/api\/wp\/v2\/posts"}],"about":[{"href":"https:\/\/tvsensor.com\/api\/wp\/v2\/types\/post"}],"author":[{"embeddable":true,"href":"https:\/\/tvsensor.com\/api\/wp\/v2\/users\/7"}],"replies":[{"embeddable":true,"href":"https:\/\/tvsensor.com\/api\/wp\/v2\/comments?post=29304"}],"version-history":[{"count":1,"href":"https:\/\/tvsensor.com\/api\/wp\/v2\/posts\/29304\/revisions"}],"predecessor-version":[{"id":29306,"href":"https:\/\/tvsensor.com\/api\/wp\/v2\/posts\/29304\/revisions\/29306"}],"wp:featuredmedia":[{"embeddable":true,"href":"https:\/\/tvsensor.com\/api\/wp\/v2\/media\/29305"}],"wp:attachment":[{"href":"https:\/\/tvsensor.com\/api\/wp\/v2\/media?parent=29304"}],"wp:term":[{"taxonomy":"category","embeddable":true,"href":"https:\/\/tvsensor.com\/api\/wp\/v2\/categories?post=29304"},{"taxonomy":"post_tag","embeddable":true,"href":"https:\/\/tvsensor.com\/api\/wp\/v2\/tags?post=29304"}],"curies":[{"name":"wp","href":"https:\/\/api.w.org\/{rel}","templated":true}]}}