{"id":29294,"date":"2021-05-18T10:05:18","date_gmt":"2021-05-18T09:05:18","guid":{"rendered":"https:\/\/senzor.ba\/?p=29294"},"modified":"2024-01-15T21:36:40","modified_gmt":"2024-01-15T20:36:40","slug":"mladi-se-stide-posla-na-njivi-dnevnice-od-40-do-80-km-ali-sezonaca-nema","status":"publish","type":"post","link":"https:\/\/tvsensor.com\/clanak\/mladi-se-stide-posla-na-njivi-dnevnice-od-40-do-80-km-ali-sezonaca-nema\/","title":{"rendered":"Mladi se stide posla na njivi: Dnevnice od 40 do 80 KM, ali sezonaca nema"},"content":{"rendered":"\n<p>Sezonski radovi na njivama i u vo\u0107njacima u BiH se polako zahuktavaju, ali postoji problem sa sezonskim radnicima, ka\u017eu poljoprivredni proizvo\u0111a\u010di i navode da uprkos dnevnici od 40 do 80 maraka te poslove ne\u0107e niko da radi, zbog \u010dega strahuju da ih ne\u0107e obaviti na vrijeme.<\/p>\n\n\n\n<p>Naime, kako tvrde poljoprivrednici, osim dnevnice, imaju i obrok, pi\u0107e i prevoz, ali ipak manjka radne snage.<\/p>\n\n\n\n<p>Branko Mastalo, predsjednik Udru\u017eenja povrtara rs, o\u010dajan je zbog manjka radne snage, jer se, kako ka\u017ee, ne mo\u017ee na\u0107i potreban broj radnika koji su im sada potrebni u povrtarstvu.<\/p>\n\n\n\n<p>&#8211; Gori nam pod nogama, sti\u017ee nam luk, kupus treba kopati, ali nema ko. Tako je i drugim danima, mladi se stide posla na njivi, ka\u017eu da im je te\u0161ko \u2013 pri\u010da Mastalo za \u201cNezavisne\u201d.<\/p>\n\n\n\n<p>Isti\u010de da poslovi u povrtarstvu nisu te\u0161ki i da ne iziskuju mnogo fizi\u010dke snage, jer se dosta radi ma\u0161inski i sjede\u0107i.<\/p>\n\n\n\n<p>&#8211; Za nekoliko dana treba da sadim lubenicu, ali ne mogu na\u0107i potreban broj radnika. Dvoje-troje i na\u0111em, ali preko toga veoma te\u0161ko \u2013 ka\u017ee Mastalo.<\/p>\n\n\n\n<p>Da je sve manje i onih koji su spremni da se uhvate makaza i orezuju vo\u0107e, iako dnevnica za ove poslove prelazi i 80 KM, tvrdi Dragoja Doj\u010dinovi\u0107, predsjednik Udru\u017eenja vo\u0107ara manjeg bh. entiteta.<\/p>\n\n\n\n<p>&#8211; Malo je ljudi koji dolaze da rade i to su mahom penzioneri, koji nikada nisu radili u vo\u0107njaku i nestru\u010dni su. Nadamo se da kad krene berba ne\u0107emo imati problema, jer mogu brati i \u017eene, srednjo\u0161kolci i studenti \u2013 kazao je Doj\u010dinovi\u0107.<\/p>\n\n\n\n<p>On smatra da sezonci na podru\u010dju Bosanske Gradi\u0161ke tokom berbe vo\u0107a mogu da zarade finu svotu novca.<\/p>\n\n\n\n<p>&#8211; Najvi\u0161e sezonskih radnika imamo iz Doboja, ali dolaze i iz cijele BiH i Srbije \u2013 kazao je Doj\u010dinovi\u0107.<\/p>\n\n\n\n<p>Mladen Marjanovi\u0107, predsjednik Udru\u017eenja vo\u0107ara Prijedor, isti\u010de da uskoro o\u010dekuje berbu jagoda, ali da sezonaca nema ni za lijeka.<\/p>\n\n\n\n<p>&#8211; Radnu snagu je te\u0161ko na\u0107i i taj problem imamo ve\u0107 nekoliko godina unazad. \u0160to se ti\u010de satnice za berbu jagoda, ona je od tri do pet KM, a bera\u010d dnevno mo\u017ee da ubere i oko 80 kilograma jagoda \u2013 kazao je Marjanovi\u0107.<\/p>\n\n\n\n<p>Isti\u010de da i pored solidne zarade opet imaju problem s manjkom sezonskih radnika, jer oni ljudi koji bi radili ili su ve\u0107 zaposleni ili su oti\u0161li raditi u inostranstvo.<\/p>\n\n\n\n<p>&#8211; Mi ve\u0107 godinama znamo kako nam dolaze poslovi u vo\u0107anjacima da \u0107emo imati manjak radnika \u2013 kazao je Marjanovi\u0107.<\/p>\n\n\n\n<p>\u0160to se ti\u010de profila radne snage, isti\u010de da su to uglavnom ljudi koji su ve\u0107 u penziji.<\/p>\n\n\n\n<p>&#8211; Mladih ljudi poput srednjo\u0161kolca i studenta nema uop\u0161te \u2013 dodao je Marjanovi\u0107.<\/p>\n\n\n\n<p>Stevo Filipovi\u0107, direktor bijeljinske Prehrambene industrije \u201cSava Semberija\u201d, isti\u010de da imaju radnu snagu koja zadovoljava potrebe koje imaju prema klijentima.<\/p>\n\n\n\n<p>&#8211; Tome je doprinelo \u0161to su zatvorene granice pa radna snaga nije i\u0161la put Evropske unije \u2013 kazao je Filipovi\u0107.<\/p>\n\n\n\n<p>\u0160to se ti\u010de potra\u017eenje za ostalim sezonskim radnicima iz BiH, Adisa Fazlovi\u0107, menad\u017eerka marketinga portala za zapo\u0161ljavanje Mojposao.ba, kazala je za \u201cNezavisne\u201d da je na njihovom portalu nedavno objavljeno vi\u0161e oglasa za sezonske poslove, a najvi\u0161e su ih davali poslodavci iz Hrvatske.<\/p>\n\n\n\n<p>&#8211; Naj\u010de\u0161\u0107e tra\u017ee razli\u010dite profile radnika iz ugostiteljstva i turizma \u2013 kazala je ona.<\/p>\n","protected":false},"excerpt":{"rendered":"<p>Sezonski radovi na njivama i u vo\u0107njacima u BiH se polako zahuktavaju, ali postoji problem sa sezonskim radnicima, ka\u017eu poljoprivredni proizvo\u0111a\u010di i navode da uprkos dnevnici od 40 do 80 maraka te poslove ne\u0107e niko da radi, zbog \u010dega strahuju da ih ne\u0107e obaviti na vrijeme. Naime, kako tvrde poljoprivrednici, osim dnevnice, imaju i obrok, [&hellip;]<\/p>\n","protected":false},"author":59,"featured_media":29297,"comment_status":"open","ping_status":"closed","sticky":false,"template":"","format":"standard","meta":{"inline_featured_image":false,"footnotes":""},"categories":[44],"tags":[],"class_list":{"0":"post-29294","1":"post","2":"type-post","3":"status-publish","4":"format-standard","5":"has-post-thumbnail","7":"category-poljoprivreda"},"acf":[],"_links":{"self":[{"href":"https:\/\/tvsensor.com\/api\/wp\/v2\/posts\/29294","targetHints":{"allow":["GET"]}}],"collection":[{"href":"https:\/\/tvsensor.com\/api\/wp\/v2\/posts"}],"about":[{"href":"https:\/\/tvsensor.com\/api\/wp\/v2\/types\/post"}],"author":[{"embeddable":true,"href":"https:\/\/tvsensor.com\/api\/wp\/v2\/users\/59"}],"replies":[{"embeddable":true,"href":"https:\/\/tvsensor.com\/api\/wp\/v2\/comments?post=29294"}],"version-history":[{"count":1,"href":"https:\/\/tvsensor.com\/api\/wp\/v2\/posts\/29294\/revisions"}],"predecessor-version":[{"id":29298,"href":"https:\/\/tvsensor.com\/api\/wp\/v2\/posts\/29294\/revisions\/29298"}],"wp:featuredmedia":[{"embeddable":true,"href":"https:\/\/tvsensor.com\/api\/wp\/v2\/media\/29297"}],"wp:attachment":[{"href":"https:\/\/tvsensor.com\/api\/wp\/v2\/media?parent=29294"}],"wp:term":[{"taxonomy":"category","embeddable":true,"href":"https:\/\/tvsensor.com\/api\/wp\/v2\/categories?post=29294"},{"taxonomy":"post_tag","embeddable":true,"href":"https:\/\/tvsensor.com\/api\/wp\/v2\/tags?post=29294"}],"curies":[{"name":"wp","href":"https:\/\/api.w.org\/{rel}","templated":true}]}}