{"id":29291,"date":"2021-05-18T10:05:22","date_gmt":"2021-05-18T09:05:22","guid":{"rendered":"https:\/\/senzor.ba\/?p=29291"},"modified":"2024-01-15T21:36:39","modified_gmt":"2024-01-15T20:36:39","slug":"predsjednik-politickog-pokreta-vjera-narod-drzava-prijavio-je-danas-17-5-2021-izvjesnog-senada-resica-i-fatmira-alispahica","status":"publish","type":"post","link":"https:\/\/tvsensor.com\/clanak\/predsjednik-politickog-pokreta-vjera-narod-drzava-prijavio-je-danas-17-5-2021-izvjesnog-senada-resica-i-fatmira-alispahica\/","title":{"rendered":"Predsjednik politi\u010dkog pokreta Vjera.Narod.Dr\u017eava, prijavio je ju\u010der, 17.5.2021, izvjesnog Senada Re\u0161i\u0107a i Fatmira Alispahi\u0107a."},"content":{"rendered":"\n<p>Predsjednik politi\u010dkog pokreta Vjera.Narod.Dr\u017eava, prijavio je ju\u010der, 17.5.2021, izvjesnog Senada Re\u0161i\u0107a, zbog kako je rekao prijetnji po njegovu i bezbjednost njegove djece.<\/p>\n\n\n\n<p>Sve je po\u010delo na Facebook stranici &#8220;Defter hefte&#8221; koju ure\u0111uje novinar Fatmir Alispahi\u0107, a koji u posljednje vrijeme, kako Musa navodi, napada na njegovu \u010dast i iznosi gnusne i bestijalne, ni\u010dim izazvane, uvrede na ra\u010dun \u010dlanstva i simpatizera Bosanske narodne stranke (magarci, siled\u017eije, teroristi\u2026). Izmi\u0161lja la\u017ei i potvore idu\u0107i tako daleko da tvrdi kako je on ISIL-ovac i terorista. Neke od ovih prijetnja Musa je prijavio u oktobru 2019. godine.<\/p>\n\n\n\n<figure class=\"wp-block-image size-large is-resized\"><img loading=\"lazy\" decoding=\"async\" src=\"https:\/\/tvsensor.com\/wp-content\/uploads\/2021\/05\/0-02-05-4a75eedcf83406455270f425b12bc2ad990cfcfd0dba31e6a34d6999fcd704d0_1c6da436d90855.jpg\" alt=\"\" class=\"wp-image-29292\" width=\"1060\" height=\"1445\"\/><\/figure>\n\n\n\n<figure class=\"wp-block-image size-large\"><img loading=\"lazy\" decoding=\"async\" width=\"1113\" height=\"1600\" src=\"https:\/\/tvsensor.com\/wp-content\/uploads\/2021\/05\/0-02-05-98aea29ccedfeae8932ae0d669f2962b26f90c24e494592455af35f743581e00_1c6da436d66711.jpg\" alt=\"\" class=\"wp-image-29293\" srcset=\"https:\/\/tvsensor.com\/wp-content\/uploads\/2021\/05\/0-02-05-98aea29ccedfeae8932ae0d669f2962b26f90c24e494592455af35f743581e00_1c6da436d66711.jpg 1113w, https:\/\/tvsensor.com\/wp-content\/uploads\/2021\/05\/0-02-05-98aea29ccedfeae8932ae0d669f2962b26f90c24e494592455af35f743581e00_1c6da436d66711-104x150.jpg 104w, https:\/\/tvsensor.com\/wp-content\/uploads\/2021\/05\/0-02-05-98aea29ccedfeae8932ae0d669f2962b26f90c24e494592455af35f743581e00_1c6da436d66711-768x1104.jpg 768w, https:\/\/tvsensor.com\/wp-content\/uploads\/2021\/05\/0-02-05-98aea29ccedfeae8932ae0d669f2962b26f90c24e494592455af35f743581e00_1c6da436d66711-1068x1535.jpg 1068w, https:\/\/tvsensor.com\/wp-content\/uploads\/2021\/05\/0-02-05-98aea29ccedfeae8932ae0d669f2962b26f90c24e494592455af35f743581e00_1c6da436d66711-150x216.jpg 150w, https:\/\/tvsensor.com\/wp-content\/uploads\/2021\/05\/0-02-05-98aea29ccedfeae8932ae0d669f2962b26f90c24e494592455af35f743581e00_1c6da436d66711-300x431.jpg 300w, https:\/\/tvsensor.com\/wp-content\/uploads\/2021\/05\/0-02-05-98aea29ccedfeae8932ae0d669f2962b26f90c24e494592455af35f743581e00_1c6da436d66711-696x1001.jpg 696w\" sizes=\"auto, (max-width: 1113px) 100vw, 1113px\" \/><\/figure>\n\n\n\n<p><\/p>\n\n\n\n<p>Alispahi\u0107 je na svojoj stranici objavio tekst sa fotkom o, kako Musa navodi, neutemeljenoj prijetnju njemu, nakon \u010dega su uslijedili brojni prijete\u0107i komentari njegovih pratilaca upu\u0107eni Musi. Kulminiralo je to komentarom Senada Re\u0161i\u0107a, nakon \u010dega se Musa odlu\u010dio na prijavljivanje te zahtjev za krivi\u010dnim gonjenjem Re\u0161i\u0107a.<\/p>\n","protected":false},"excerpt":{"rendered":"<p>Predsjednik politi\u010dkog pokreta Vjera.Narod.Dr\u017eava, prijavio je ju\u010der, 17.5.2021, izvjesnog Senada Re\u0161i\u0107a, zbog kako je rekao prijetnji po njegovu i bezbjednost njegove djece. Sve je po\u010delo na Facebook stranici &#8220;Defter hefte&#8221; koju ure\u0111uje novinar Fatmir Alispahi\u0107, a koji u posljednje vrijeme, kako Musa navodi, napada na njegovu \u010dast i iznosi gnusne i bestijalne, ni\u010dim izazvane, uvrede [&hellip;]<\/p>\n","protected":false},"author":59,"featured_media":29295,"comment_status":"open","ping_status":"closed","sticky":false,"template":"","format":"standard","meta":{"inline_featured_image":false,"footnotes":""},"categories":[43,376,38],"tags":[],"class_list":{"0":"post-29291","1":"post","2":"type-post","3":"status-publish","4":"format-standard","5":"has-post-thumbnail","7":"category-bih","8":"category-featured","9":"category-vijesti-iz-bih"},"acf":[],"_links":{"self":[{"href":"https:\/\/tvsensor.com\/api\/wp\/v2\/posts\/29291","targetHints":{"allow":["GET"]}}],"collection":[{"href":"https:\/\/tvsensor.com\/api\/wp\/v2\/posts"}],"about":[{"href":"https:\/\/tvsensor.com\/api\/wp\/v2\/types\/post"}],"author":[{"embeddable":true,"href":"https:\/\/tvsensor.com\/api\/wp\/v2\/users\/59"}],"replies":[{"embeddable":true,"href":"https:\/\/tvsensor.com\/api\/wp\/v2\/comments?post=29291"}],"version-history":[{"count":3,"href":"https:\/\/tvsensor.com\/api\/wp\/v2\/posts\/29291\/revisions"}],"predecessor-version":[{"id":29302,"href":"https:\/\/tvsensor.com\/api\/wp\/v2\/posts\/29291\/revisions\/29302"}],"wp:featuredmedia":[{"embeddable":true,"href":"https:\/\/tvsensor.com\/api\/wp\/v2\/media\/29295"}],"wp:attachment":[{"href":"https:\/\/tvsensor.com\/api\/wp\/v2\/media?parent=29291"}],"wp:term":[{"taxonomy":"category","embeddable":true,"href":"https:\/\/tvsensor.com\/api\/wp\/v2\/categories?post=29291"},{"taxonomy":"post_tag","embeddable":true,"href":"https:\/\/tvsensor.com\/api\/wp\/v2\/tags?post=29291"}],"curies":[{"name":"wp","href":"https:\/\/api.w.org\/{rel}","templated":true}]}}