{"id":29278,"date":"2021-05-18T09:34:51","date_gmt":"2021-05-18T08:34:51","guid":{"rendered":"https:\/\/senzor.ba\/?p=29278"},"modified":"2024-01-15T21:36:41","modified_gmt":"2024-01-15T20:36:41","slug":"u-saopstenju-ureda-izraelskog-premijera-netanyahu-je-zahvalio-americkom-predsjedniku-joeu-bidenu-na-nastavku-pruzanja-podrske-izraelu","status":"publish","type":"post","link":"https:\/\/tvsensor.com\/clanak\/u-saopstenju-ureda-izraelskog-premijera-netanyahu-je-zahvalio-americkom-predsjedniku-joeu-bidenu-na-nastavku-pruzanja-podrske-izraelu\/","title":{"rendered":"BiH: Danas sun\u010dano, poslijepodne porast naoblake"},"content":{"rendered":"\n<p>Danas \u0107e u Bosni i Hercegovini prijepodne biti sun\u010dano uz malu do umjerenu obla\u010dnost, tokom dana u Bosni porast obla\u010dnosti, \u0161to poslijepodne ili u ve\u010dernjim satima mo\u017ee usloviti lokalne pljuskove, javlja Anadolu Agency (AA).<\/p>\n\n\n\n<p>Vjetar slab do umjeren, na momente i poja\u010dan zapadnog smjera. Jutarnja temperatura od \u0161est do 12, na jugu do 15, a najvi\u0161a dnevna od 15 do 22, na jugu do 24 stepeni Celzijusa.<\/p>\n\n\n\n<p>U Sarajevu malo do umjereno obla\u010dno vrijeme. Razvojem obla\u010dnosti mo\u017ee pasti i malo ki\u0161e. Jutarnja temperatura oko sedam, a najvi\u0161a dnevna oko 21 stepen.<\/p>\n\n\n\n<p>U srijedu se o\u010dekuje prete\u017eno obla\u010dno vrijeme sa ki\u0161om i pljuskovima. Tokom poslijepodneva ili u ve\u010dernjim satima o\u010dekuje se prestanak padavina. Jutarnja temperatura od sedam do 13, na jugu do 15, a dnevna od devet do 15, na jugu do 18 stepeni.<\/p>\n\n\n\n<p>U \u010detvrtak umjereno do prete\u017eno obla\u010dno vrijeme. Jutarnja temperatura od \u010detiri do 10, na jugu do 12, a najvi\u0161a dnevna od 12 do 17, na jugu do 21 stepen.<\/p>\n\n\n\n<p>Za petak se u Hercegovini prognozira sun\u010dano vrijeme uz malu do umjerenu obla\u010dnost, a u Bosni umjereno obla\u010dno. Tokom dana, uz ne\u0161to vi\u0161e oblaka u sjeveroisto\u010dnim podru\u010djima mo\u017ee pasti i malo ki\u0161e. Jutarnja temperatura od \u010detiri do 10, na jugu do 12, a najvi\u0161a dnevna od 11 do 17, na jugu do 21 stepen.<\/p>\n","protected":false},"excerpt":{"rendered":"<p>Danas \u0107e u Bosni i Hercegovini prijepodne biti sun\u010dano uz malu do umjerenu obla\u010dnost, tokom dana u Bosni porast obla\u010dnosti, \u0161to poslijepodne ili u ve\u010dernjim satima mo\u017ee usloviti lokalne pljuskove, javlja Anadolu Agency (AA). Vjetar slab do umjeren, na momente i poja\u010dan zapadnog smjera. Jutarnja temperatura od \u0161est do 12, na jugu do 15, a [&hellip;]<\/p>\n","protected":false},"author":59,"featured_media":29279,"comment_status":"open","ping_status":"closed","sticky":false,"template":"","format":"standard","meta":{"inline_featured_image":false,"footnotes":""},"categories":[38],"tags":[],"class_list":{"0":"post-29278","1":"post","2":"type-post","3":"status-publish","4":"format-standard","5":"has-post-thumbnail","7":"category-vijesti-iz-bih"},"acf":[],"_links":{"self":[{"href":"https:\/\/tvsensor.com\/api\/wp\/v2\/posts\/29278","targetHints":{"allow":["GET"]}}],"collection":[{"href":"https:\/\/tvsensor.com\/api\/wp\/v2\/posts"}],"about":[{"href":"https:\/\/tvsensor.com\/api\/wp\/v2\/types\/post"}],"author":[{"embeddable":true,"href":"https:\/\/tvsensor.com\/api\/wp\/v2\/users\/59"}],"replies":[{"embeddable":true,"href":"https:\/\/tvsensor.com\/api\/wp\/v2\/comments?post=29278"}],"version-history":[{"count":2,"href":"https:\/\/tvsensor.com\/api\/wp\/v2\/posts\/29278\/revisions"}],"predecessor-version":[{"id":29281,"href":"https:\/\/tvsensor.com\/api\/wp\/v2\/posts\/29278\/revisions\/29281"}],"wp:featuredmedia":[{"embeddable":true,"href":"https:\/\/tvsensor.com\/api\/wp\/v2\/media\/29279"}],"wp:attachment":[{"href":"https:\/\/tvsensor.com\/api\/wp\/v2\/media?parent=29278"}],"wp:term":[{"taxonomy":"category","embeddable":true,"href":"https:\/\/tvsensor.com\/api\/wp\/v2\/categories?post=29278"},{"taxonomy":"post_tag","embeddable":true,"href":"https:\/\/tvsensor.com\/api\/wp\/v2\/tags?post=29278"}],"curies":[{"name":"wp","href":"https:\/\/api.w.org\/{rel}","templated":true}]}}