{"id":29271,"date":"2021-05-17T21:47:16","date_gmt":"2021-05-17T20:47:16","guid":{"rendered":"https:\/\/senzor.ba\/?p=29271"},"modified":"2024-01-15T21:36:43","modified_gmt":"2024-01-15T20:36:43","slug":"turska-ostro-osudila-izjave-ministra-unutrasnjih-poslova-austrije","status":"publish","type":"post","link":"https:\/\/tvsensor.com\/clanak\/turska-ostro-osudila-izjave-ministra-unutrasnjih-poslova-austrije\/","title":{"rendered":"Turska o\u0161tro osudila izjave ministra unutra\u0161njih poslova Austrije"},"content":{"rendered":"\n<p>Ministarstvo vanjskih poslova Turske osudilo je u ponedjeljak izjavu visokog austrijskog zvani\u010dnika u vezi s predsjednikom Turske i protestima protiv izraelske agresije na Palestince, javlja Anadolu Agency (AA).<\/p>\n\n\n\n<p>&#8220;Odbacujemo i osu\u0111ujemo neosnovane izjave austrijskog ministra unutra\u0161njih poslova (Karla Nehammera) o na\u0161oj dr\u017eavi i predsjedniku u vezi s protestima u Be\u010du protiv izraelskih zlo\u010dina nad Palestincima&#8221;, rekao je glasnogovornik turskog Ministarstva Tanju Bilgic.<\/p>\n\n\n\n<p>Bilgic je jo\u0161 kazao da je Turska pozvala austrijske vlasti da se suzdr\u017ee od izjava koje sadr\u017ee antitursku retoriku, dodaju\u0107i da takve tvrdnje proizlaze iz &#8220;unutra\u0161njih politi\u010dkih motiva&#8221; koji ozbiljno \u0161tete odnosima izme\u0111u dviju dr\u017eava.<\/p>\n","protected":false},"excerpt":{"rendered":"<p>Ministarstvo vanjskih poslova Turske osudilo je u ponedjeljak izjavu visokog austrijskog zvani\u010dnika u vezi s predsjednikom Turske i protestima protiv izraelske agresije na Palestince, javlja Anadolu Agency (AA). &#8220;Odbacujemo i osu\u0111ujemo neosnovane izjave austrijskog ministra unutra\u0161njih poslova (Karla Nehammera) o na\u0161oj dr\u017eavi i predsjedniku u vezi s protestima u Be\u010du protiv izraelskih zlo\u010dina nad Palestincima&#8221;, [&hellip;]<\/p>\n","protected":false},"author":7,"featured_media":29272,"comment_status":"open","ping_status":"closed","sticky":false,"template":"","format":"standard","meta":{"inline_featured_image":false,"footnotes":""},"categories":[376,41],"tags":[],"class_list":{"0":"post-29271","1":"post","2":"type-post","3":"status-publish","4":"format-standard","5":"has-post-thumbnail","7":"category-featured","8":"category-svijet"},"acf":[],"_links":{"self":[{"href":"https:\/\/tvsensor.com\/api\/wp\/v2\/posts\/29271","targetHints":{"allow":["GET"]}}],"collection":[{"href":"https:\/\/tvsensor.com\/api\/wp\/v2\/posts"}],"about":[{"href":"https:\/\/tvsensor.com\/api\/wp\/v2\/types\/post"}],"author":[{"embeddable":true,"href":"https:\/\/tvsensor.com\/api\/wp\/v2\/users\/7"}],"replies":[{"embeddable":true,"href":"https:\/\/tvsensor.com\/api\/wp\/v2\/comments?post=29271"}],"version-history":[{"count":1,"href":"https:\/\/tvsensor.com\/api\/wp\/v2\/posts\/29271\/revisions"}],"predecessor-version":[{"id":29273,"href":"https:\/\/tvsensor.com\/api\/wp\/v2\/posts\/29271\/revisions\/29273"}],"wp:featuredmedia":[{"embeddable":true,"href":"https:\/\/tvsensor.com\/api\/wp\/v2\/media\/29272"}],"wp:attachment":[{"href":"https:\/\/tvsensor.com\/api\/wp\/v2\/media?parent=29271"}],"wp:term":[{"taxonomy":"category","embeddable":true,"href":"https:\/\/tvsensor.com\/api\/wp\/v2\/categories?post=29271"},{"taxonomy":"post_tag","embeddable":true,"href":"https:\/\/tvsensor.com\/api\/wp\/v2\/tags?post=29271"}],"curies":[{"name":"wp","href":"https:\/\/api.w.org\/{rel}","templated":true}]}}