{"id":29264,"date":"2021-05-17T14:56:29","date_gmt":"2021-05-17T13:56:29","guid":{"rendered":"https:\/\/senzor.ba\/?p=29264"},"modified":"2024-01-15T21:36:44","modified_gmt":"2024-01-15T20:36:44","slug":"natasa-kandic-zastrasujuce-stradanje-civila-i-djece-u-gazi","status":"publish","type":"post","link":"https:\/\/tvsensor.com\/clanak\/natasa-kandic-zastrasujuce-stradanje-civila-i-djece-u-gazi\/","title":{"rendered":"Nata\u0161a Kandi\u0107: Zastra\u0161uju\u0107e stradanje civila i djece u Gazi"},"content":{"rendered":"\n<p>Zastra\u0161uju\u0107e je stradanje civila i djece u Gazi, ocjenila je osniva\u010dica Fonda za humanitarno pravo (FHP) Nata\u0161a Kandi\u0107 u izjavi za Anadolu Agency (AA).<\/p>\n\n\n\n<p>&#8220;Zastra\u0161uju\u0107e je stradanje civila i djece i odsustvo jake reakcije Ujedinjenih naroda na rije\u010di premijera Benjamina Netanyahua &#8216;Izrael ne \u017euri&#8217;, koji je na vlasti, iako nema mandat za sastavljenje vlade&#8221;, navela je Kandi\u0107, koja je i koordinatorka REKOM mre\u017ee pomirenja.<\/p>\n\n\n\n<p>Prema njenim rije\u010dima, on ima oholost balkanskih politi\u010dara &#8211; \u0161to je politi\u010dka situacija nestabilnija, to je ve\u0107a odlu\u010dnost vo\u0111a da svim sredstvima o\u010duvaju vlast.<\/p>\n\n\n\n<p>Ona je rekla i da je raduje javna podr\u0161ka palestinskom narodu na Kosovu.<\/p>\n\n\n\n<p>&#8220;Raduje me da je na Kosovu bilo javne podr\u0161ke palestinskom narodu uprkos izraelskom priznanju kosovske dr\u017eavnosti&#8221;, dodala je.<\/p>\n\n\n\n<p>U Gazi je u izraelskim napadima do sada \u017eivot izgubilo najmanje 197 osoba, me\u0111u kojima 58 djece i 34 \u017eene. Ranjeno je 1.235 ljudi.<\/p>\n\n\n\n<p>Izrael od 10. maja iz zraka i s kopna vr\u0161i napade na Pojas Gaze. Uprkos reakcijama iz svijeta, Izrael je nastavio \u017eestoke napade na Gazu.<\/p>\n","protected":false},"excerpt":{"rendered":"<p>Zastra\u0161uju\u0107e je stradanje civila i djece u Gazi, ocjenila je osniva\u010dica Fonda za humanitarno pravo (FHP) Nata\u0161a Kandi\u0107 u izjavi za Anadolu Agency (AA). &#8220;Zastra\u0161uju\u0107e je stradanje civila i djece i odsustvo jake reakcije Ujedinjenih naroda na rije\u010di premijera Benjamina Netanyahua &#8216;Izrael ne \u017euri&#8217;, koji je na vlasti, iako nema mandat za sastavljenje vlade&#8221;, navela [&hellip;]<\/p>\n","protected":false},"author":59,"featured_media":29265,"comment_status":"open","ping_status":"closed","sticky":false,"template":"","format":"standard","meta":{"inline_featured_image":false,"footnotes":""},"categories":[376,41],"tags":[],"class_list":{"0":"post-29264","1":"post","2":"type-post","3":"status-publish","4":"format-standard","5":"has-post-thumbnail","7":"category-featured","8":"category-svijet"},"acf":[],"_links":{"self":[{"href":"https:\/\/tvsensor.com\/api\/wp\/v2\/posts\/29264","targetHints":{"allow":["GET"]}}],"collection":[{"href":"https:\/\/tvsensor.com\/api\/wp\/v2\/posts"}],"about":[{"href":"https:\/\/tvsensor.com\/api\/wp\/v2\/types\/post"}],"author":[{"embeddable":true,"href":"https:\/\/tvsensor.com\/api\/wp\/v2\/users\/59"}],"replies":[{"embeddable":true,"href":"https:\/\/tvsensor.com\/api\/wp\/v2\/comments?post=29264"}],"version-history":[{"count":2,"href":"https:\/\/tvsensor.com\/api\/wp\/v2\/posts\/29264\/revisions"}],"predecessor-version":[{"id":29267,"href":"https:\/\/tvsensor.com\/api\/wp\/v2\/posts\/29264\/revisions\/29267"}],"wp:featuredmedia":[{"embeddable":true,"href":"https:\/\/tvsensor.com\/api\/wp\/v2\/media\/29265"}],"wp:attachment":[{"href":"https:\/\/tvsensor.com\/api\/wp\/v2\/media?parent=29264"}],"wp:term":[{"taxonomy":"category","embeddable":true,"href":"https:\/\/tvsensor.com\/api\/wp\/v2\/categories?post=29264"},{"taxonomy":"post_tag","embeddable":true,"href":"https:\/\/tvsensor.com\/api\/wp\/v2\/tags?post=29264"}],"curies":[{"name":"wp","href":"https:\/\/api.w.org\/{rel}","templated":true}]}}