{"id":29255,"date":"2021-05-17T08:59:36","date_gmt":"2021-05-17T07:59:36","guid":{"rendered":"https:\/\/senzor.ba\/?p=29255"},"modified":"2024-01-15T21:36:46","modified_gmt":"2024-01-15T20:36:46","slug":"igk-retorika-ruskog-ambasadora-identicna-je-retorici-milosevica-i-tudjmana-koji-su-se-na-isti-nacin-zalagali-za-dogovor-a-pritom-dijelili-bih","status":"publish","type":"post","link":"https:\/\/tvsensor.com\/clanak\/igk-retorika-ruskog-ambasadora-identicna-je-retorici-milosevica-i-tudjmana-koji-su-se-na-isti-nacin-zalagali-za-dogovor-a-pritom-dijelili-bih\/","title":{"rendered":"IGK: Retorika ruskog ambasadora identi\u010dna je retorici Milo\u0161evi\u0107a i Tu\u0111mana koji su se na isti na\u010din &#8220;zalagali za dogovor&#8221;, a pritom dijelili BiH"},"content":{"rendered":"\n<p>Zbog antibosanskog djelovanja ambasadora Ruske Federacije u Bosni i Hercegovini treba proglasiti personom non grata, navode iz Instituta za istra\u017eivanje genocida Kanada<\/p>\n\n\n\n<p>\ufeffIntervju Igor Kalabuhova, ambasadora Ruske Federacije u Bosni i Hercegovini za TV N1 Bosne i Hercegovine u emisiji \u201cDan u\u017eivo\u201d od 14. maja ove godine je potvrda da Ruska Federacija ne samo da ne po\u0161tuje presude me\u0111unarodnih sudova Ujedinjenih nacija, nego ih i direktno osporava i tako poma\u017ee negatorima genocida u svijetu, a prioritetno u Bosni i Hercegovini i Srbiji, da uz rusku pomo\u0107 negiraju naslije\u0111e Me\u0111unarodnog krivi\u010dnog tribunala za biv\u0161u Jugoslaviju i presudu Me\u0111unarodnog suda pravde o dvostrukoj odgovornosti Srbije zbog kr\u0161enja Konvencije o spre\u010davanju i ka\u017enjavanju zlo\u010dina genocida, stoji u saop\u0107enju&nbsp;Instituta za istra\u017eivanje genocida Kanada.&nbsp;<\/p>\n\n\n\n<p>&#8211; Priznanje ambasadora u navedenom intervju da je 2015. godine izjavio nakon ruskog veta na britansku rezoluciju o Srebrenici \u201cOd po\u010detka je ovaj projekt bio izuzetno politiziran, jednostran, neuravnote\u017een i usmjeren na pogor\u0161anje situacije u Bosni\u201d, kao predstavnik Ministarstva vanjskih poslova Ruske Federacije nakon \u0161to je Ruska Federacija ulo\u017eila veto na britanski prijedlog rezolucije o Srebrenici pred Vije\u0107em sigurnosti Ujedinjenih nacija, predstavlja prst u&nbsp;oko \u017ertvama genocida u Bosni i Hercegovini i do sada najve\u0107e vrije\u0111anje \u017ertava i to od ambasadora kojem je Bosna i Hercegovina pru\u017eila diplomatsko gostoprimstvo.<\/p>\n\n\n\n<p>U istoj ravni je tvrdnja ambasadora da je pitanje negiranja genocida stvar konstitutivnih naroda, da je stvar konstitutivnih naroda po\u0161tivanja me\u0111unarodnog prava i po\u0161tivanje me\u0111unarodnih presuda i pravnih ste\u010devina sudova Ujedinjenih nacija.&nbsp;<\/p>\n\n\n\n<p>Time je dao podr\u0161ku onima koji zaustavljaju usvajanje i dono\u0161enje zakona o zabrani negiranja genocida u Bosni i Hercegovini. Retorika ambasadora je identi\u010dna retorici Slobodana Milo\u0161evi\u0107a i Franje Tu\u0111mana koji su se upravo na isti na\u010din \u201czalagali za dogovor konstitutivnih naroda\u201d, a pritom dijelili dr\u017eavu Bosnu i Hercegovinu sa Radovanom Karad\u017ei\u0107em i Matom Bobanom.&nbsp;<\/p>\n\n\n\n<p>Imaju\u0107i u vidu navedeno antibosansko djelovanje ambasadora Ruske Federacije u Bosni i Hercegovini, Internacionalni ekspertni tim Instituta za istra\u017eivanje genocida Kanada tra\u017ei od Predsjedni\u0161tva Bosne i Hercegovine i Ministarstva za vanjske poslove da ambasadora Igora Kalabuhova proglasi persona non grata, naveli su u svom saop\u0107enju iz Instituta za istra\u017eivanje genocida Kanada.<\/p>\n","protected":false},"excerpt":{"rendered":"<p>Zbog antibosanskog djelovanja ambasadora Ruske Federacije u Bosni i Hercegovini treba proglasiti personom non grata, navode iz Instituta za istra\u017eivanje genocida Kanada \ufeffIntervju Igor Kalabuhova, ambasadora Ruske Federacije u Bosni i Hercegovini za TV N1 Bosne i Hercegovine u emisiji \u201cDan u\u017eivo\u201d od 14. maja ove godine je potvrda da Ruska Federacija ne samo da [&hellip;]<\/p>\n","protected":false},"author":59,"featured_media":29256,"comment_status":"open","ping_status":"closed","sticky":false,"template":"","format":"standard","meta":{"inline_featured_image":false,"footnotes":""},"categories":[234],"tags":[],"class_list":{"0":"post-29255","1":"post","2":"type-post","3":"status-publish","4":"format-standard","5":"has-post-thumbnail","7":"category-politika"},"acf":[],"_links":{"self":[{"href":"https:\/\/tvsensor.com\/api\/wp\/v2\/posts\/29255","targetHints":{"allow":["GET"]}}],"collection":[{"href":"https:\/\/tvsensor.com\/api\/wp\/v2\/posts"}],"about":[{"href":"https:\/\/tvsensor.com\/api\/wp\/v2\/types\/post"}],"author":[{"embeddable":true,"href":"https:\/\/tvsensor.com\/api\/wp\/v2\/users\/59"}],"replies":[{"embeddable":true,"href":"https:\/\/tvsensor.com\/api\/wp\/v2\/comments?post=29255"}],"version-history":[{"count":1,"href":"https:\/\/tvsensor.com\/api\/wp\/v2\/posts\/29255\/revisions"}],"predecessor-version":[{"id":29257,"href":"https:\/\/tvsensor.com\/api\/wp\/v2\/posts\/29255\/revisions\/29257"}],"wp:featuredmedia":[{"embeddable":true,"href":"https:\/\/tvsensor.com\/api\/wp\/v2\/media\/29256"}],"wp:attachment":[{"href":"https:\/\/tvsensor.com\/api\/wp\/v2\/media?parent=29255"}],"wp:term":[{"taxonomy":"category","embeddable":true,"href":"https:\/\/tvsensor.com\/api\/wp\/v2\/categories?post=29255"},{"taxonomy":"post_tag","embeddable":true,"href":"https:\/\/tvsensor.com\/api\/wp\/v2\/tags?post=29255"}],"curies":[{"name":"wp","href":"https:\/\/api.w.org\/{rel}","templated":true}]}}