{"id":29252,"date":"2021-05-17T08:57:16","date_gmt":"2021-05-17T07:57:16","guid":{"rendered":"https:\/\/senzor.ba\/?p=29252"},"modified":"2024-01-15T21:36:47","modified_gmt":"2024-01-15T20:36:47","slug":"palestinska-djevojcica-prezivjela-napade-u-gazi-nemamo-se-cime-zastititi","status":"publish","type":"post","link":"https:\/\/tvsensor.com\/clanak\/palestinska-djevojcica-prezivjela-napade-u-gazi-nemamo-se-cime-zastititi\/","title":{"rendered":"Palestinska djevoj\u010dica pre\u017eivjela napade u Gazi: Nemamo se \u010dime za\u0161tititi"},"content":{"rendered":"\n<p>Desetogodi\u0161nja Palestinka Nadeen Abdullatif pre\u017eivjela je napade izraelskih snaga na kamp Al Shati u Pojasu Gaze, a u video poruci objavljenoj na dru\u0161tvenim mre\u017eama obratila se svijetu, prenosi Anadolu Agency (AA).<\/p>\n\n\n\n<p>&#8220;Vidite, ne spavam ba\u0161 najbolje posljednjih dana. \u010cula sam rakete i eksplozija koja je uni\u0161tila ovu ku\u0107u je bila tako glasna da je gotovo raznijela prozor u mojoj spava\u0107oj sobi. Nemamo ni\u0161ta, nemamo oru\u017eje ni rakete. Nemamo se \u010dime za\u0161tititi. S nama je samo Bo\u017eija snaga&#8221;, poru\u010dila je Abdullatif u video poruci koju je u nedjelju na Twitteru objavio TRT World.<\/p>\n\n\n\n<p>Izrael od 10. maja iz zraka i s kopna vr\u0161i napade na Pojas Gaze. Uprkos reakcijama iz svijeta, Izrael je nastavio \u017eestoke napade na Gazu.<\/p>\n\n\n\n<p>U tim napadima, prema posljednjim podacima palestinskog Ministarstva zdravstva, poginulo je 197 osoba, me\u0111u kojima je 58 djece i 34 \u017eene, dok je broj ranjenih porastao na 1.235.<\/p>\n","protected":false},"excerpt":{"rendered":"<p>Desetogodi\u0161nja Palestinka Nadeen Abdullatif pre\u017eivjela je napade izraelskih snaga na kamp Al Shati u Pojasu Gaze, a u video poruci objavljenoj na dru\u0161tvenim mre\u017eama obratila se svijetu, prenosi Anadolu Agency (AA). &#8220;Vidite, ne spavam ba\u0161 najbolje posljednjih dana. \u010cula sam rakete i eksplozija koja je uni\u0161tila ovu ku\u0107u je bila tako glasna da je gotovo [&hellip;]<\/p>\n","protected":false},"author":59,"featured_media":29253,"comment_status":"open","ping_status":"closed","sticky":false,"template":"","format":"standard","meta":{"inline_featured_image":false,"footnotes":""},"categories":[41],"tags":[],"class_list":{"0":"post-29252","1":"post","2":"type-post","3":"status-publish","4":"format-standard","5":"has-post-thumbnail","7":"category-svijet"},"acf":[],"_links":{"self":[{"href":"https:\/\/tvsensor.com\/api\/wp\/v2\/posts\/29252","targetHints":{"allow":["GET"]}}],"collection":[{"href":"https:\/\/tvsensor.com\/api\/wp\/v2\/posts"}],"about":[{"href":"https:\/\/tvsensor.com\/api\/wp\/v2\/types\/post"}],"author":[{"embeddable":true,"href":"https:\/\/tvsensor.com\/api\/wp\/v2\/users\/59"}],"replies":[{"embeddable":true,"href":"https:\/\/tvsensor.com\/api\/wp\/v2\/comments?post=29252"}],"version-history":[{"count":1,"href":"https:\/\/tvsensor.com\/api\/wp\/v2\/posts\/29252\/revisions"}],"predecessor-version":[{"id":29254,"href":"https:\/\/tvsensor.com\/api\/wp\/v2\/posts\/29252\/revisions\/29254"}],"wp:featuredmedia":[{"embeddable":true,"href":"https:\/\/tvsensor.com\/api\/wp\/v2\/media\/29253"}],"wp:attachment":[{"href":"https:\/\/tvsensor.com\/api\/wp\/v2\/media?parent=29252"}],"wp:term":[{"taxonomy":"category","embeddable":true,"href":"https:\/\/tvsensor.com\/api\/wp\/v2\/categories?post=29252"},{"taxonomy":"post_tag","embeddable":true,"href":"https:\/\/tvsensor.com\/api\/wp\/v2\/tags?post=29252"}],"curies":[{"name":"wp","href":"https:\/\/api.w.org\/{rel}","templated":true}]}}