{"id":29177,"date":"2021-05-16T04:38:32","date_gmt":"2021-05-16T03:38:32","guid":{"rendered":"https:\/\/senzor.ba\/?p=29177"},"modified":"2024-01-15T21:36:57","modified_gmt":"2024-01-15T20:36:57","slug":"odbojkasice-bih-srce-lupa-na-sve-strane-zasluzile-smo-plasman-na-ep","status":"publish","type":"post","link":"https:\/\/tvsensor.com\/clanak\/odbojkasice-bih-srce-lupa-na-sve-strane-zasluzile-smo-plasman-na-ep\/","title":{"rendered":"Odbojka\u0161ice BiH : Srce lupa na sve strane, zaslu\u017eile smo plasman na EP"},"content":{"rendered":"\n<p><strong>Edina Begi\u0107 i Edina Selimovi\u0107, odbojka\u0161ice BiH, kazale su da su presretne zbog plasmana na Evropsko prvenstvo u odbojci koje \u0107e se igrati ove godine u augustu mjesecu. Smatraju da je plasman i vi\u0161e nego zaslu\u017een, te da bh. odbojku treba podi\u0107i na ve\u0107i nivo.<\/strong><\/p>\n\n\n\n<p><strong>\u201cOsje\u0107aj je nevjerovatan, nismo svjesne da smo na Evropskom prvenstvu. Ove djevojke to zaslu\u017euju i BiH zaslu\u017euje da bude na EP\u201d,<\/strong>&nbsp;kazala je Edina Begi\u0107. .<\/p>\n\n\n\n<p><strong>\u201cNe bi uspjeli bez Edine Begi\u0107\u201d,<\/strong>&nbsp;rekla je njena imenjakinja Selimovi\u0107 u uvodu.<\/p>\n\n\n\n<p><strong>\u201cPresretne smo sve. Srce lupa na sve strane. Imamo ekipu koja je zaslu\u017eila da se plasiramo na EP i da podignemo bh. odbojku na malo ve\u0107i nivo\u201d,<\/strong>&nbsp;zaklju\u010dila je Osmanovi\u0107.<\/p>\n\n\n\n<p>Stevan Ljubi\u010di\u0107, selektor odbojka\u0161ke reprezentacije BiH, rekao je da je fenomenalan osje\u0107aj nakon plasmana na Evropsko prvenstvo.<\/p>\n\n\n\n<p><strong>\u201cNije lo\u0161e da vam ka\u017eem. Fenomenalan je osje\u0107aj, presre\u0107an sam zbog djevojaka koje su od prvog dana izgarale maksimalno, zbog svih ljudi iz BiH, imali smo punu podr\u0161ku svih ovih dana\u201d,<\/strong>&nbsp;rekao je Ljubi\u010di\u0107.<\/p>\n\n\n\n<p>Podsje\u0107amo, Odbojka\u0161ice reprezentacije Bosne i Hercegovine fantasti\u010dnom pobjedom nad reprezentacijom Latvije (3:0) ostvarile su historijski uspjeh i plasirale se na svoje prvo Evropsko prvenstvo ikada.<\/p>\n\n\n\n<p>Evropsko prvenstvo za odbojka\u0161ice igra se od 18. augusta do 4. septembra u Srbiji, Bugarskoj, Hrvatskoj i Rumuniji.<\/p>\n\n\n\n<p>N1<\/p>\n","protected":false},"excerpt":{"rendered":"<p>Edina Begi\u0107 i Edina Selimovi\u0107, odbojka\u0161ice BiH, kazale su da su presretne zbog plasmana na Evropsko prvenstvo u odbojci koje \u0107e se igrati ove godine u augustu mjesecu. Smatraju da je plasman i vi\u0161e nego zaslu\u017een, te da bh. odbojku treba podi\u0107i na ve\u0107i nivo. \u201cOsje\u0107aj je nevjerovatan, nismo svjesne da smo na Evropskom prvenstvu. [&hellip;]<\/p>\n","protected":false},"author":7,"featured_media":29178,"comment_status":"open","ping_status":"closed","sticky":false,"template":"","format":"standard","meta":{"inline_featured_image":false,"footnotes":""},"categories":[376,64,61],"tags":[],"class_list":{"0":"post-29177","1":"post","2":"type-post","3":"status-publish","4":"format-standard","5":"has-post-thumbnail","7":"category-featured","8":"category-ostalo","9":"category-sport"},"acf":[],"_links":{"self":[{"href":"https:\/\/tvsensor.com\/api\/wp\/v2\/posts\/29177","targetHints":{"allow":["GET"]}}],"collection":[{"href":"https:\/\/tvsensor.com\/api\/wp\/v2\/posts"}],"about":[{"href":"https:\/\/tvsensor.com\/api\/wp\/v2\/types\/post"}],"author":[{"embeddable":true,"href":"https:\/\/tvsensor.com\/api\/wp\/v2\/users\/7"}],"replies":[{"embeddable":true,"href":"https:\/\/tvsensor.com\/api\/wp\/v2\/comments?post=29177"}],"version-history":[{"count":1,"href":"https:\/\/tvsensor.com\/api\/wp\/v2\/posts\/29177\/revisions"}],"predecessor-version":[{"id":29179,"href":"https:\/\/tvsensor.com\/api\/wp\/v2\/posts\/29177\/revisions\/29179"}],"wp:featuredmedia":[{"embeddable":true,"href":"https:\/\/tvsensor.com\/api\/wp\/v2\/media\/29178"}],"wp:attachment":[{"href":"https:\/\/tvsensor.com\/api\/wp\/v2\/media?parent=29177"}],"wp:term":[{"taxonomy":"category","embeddable":true,"href":"https:\/\/tvsensor.com\/api\/wp\/v2\/categories?post=29177"},{"taxonomy":"post_tag","embeddable":true,"href":"https:\/\/tvsensor.com\/api\/wp\/v2\/tags?post=29177"}],"curies":[{"name":"wp","href":"https:\/\/api.w.org\/{rel}","templated":true}]}}