{"id":29142,"date":"2021-05-15T14:44:28","date_gmt":"2021-05-15T13:44:28","guid":{"rendered":"https:\/\/senzor.ba\/?p=29142"},"modified":"2024-01-15T21:37:01","modified_gmt":"2024-01-15T20:37:01","slug":"zlatko-dizdarevic-netanyahu-je-namjerno-isprovocirao-sukob","status":"publish","type":"post","link":"https:\/\/tvsensor.com\/clanak\/zlatko-dizdarevic-netanyahu-je-namjerno-isprovocirao-sukob\/","title":{"rendered":"Zlatko Dizdarevi\u0107: Netanyahu je namjerno isprovocirao sukob"},"content":{"rendered":"\n<p>&#8220;U me\u0111unarodnoj politici i me\u0111unarodnom pravu ne postoji tema u posljednjem stolje\u0107u koja je do te mjere izvrgnuta ruglu kao \u0161to je to odnos me\u0111unarodne zajednice prema&nbsp;<strong>tzv. palestinskom pitanju&#8221;<\/strong>, izjavio je za&nbsp;<em>Fenu<\/em>&nbsp;<strong>Zlatko Dizdarevi\u0107<\/strong>, biv\u0161i ambasador BiH u Hrvatskoj, Jordanu, Iraku, Siriji i Libanu, koji je i kao novinar vi\u0161e decenija izvje\u0161tavao i boravio na Bliskom Istoku.<\/p>\n\n\n\n<p><strong>Izraelsko-palestinski sukob<\/strong>, nakon \u0161to je godinama bio u medijskom zape\u0107ku, ponovno je prijelomna vijest u svim medijima, a najnoviji sukob zapo\u010deo je u<strong>&nbsp;isto\u010dnom Jerusalemu<\/strong>&nbsp;i pro\u0161irio se i na&nbsp;<strong>Gazu<\/strong>.<\/p>\n\n\n\n<p>Dizdarevi\u0107 je naveo da je posebno posljednjih dana posve\u0107en tim de\u0161avanjima na razne na\u010dine, putem starih papira, prisje\u0107anja, ali i kontakata s prijateljima i drugim ljudima koji se tamo nalaze.<\/p>\n\n\n\n<p>&#8220;Ovaj novi momenat je, po mom dubokom uvjerenju, jedna potpuno svjesno organizovana, isprovocirana pri\u010da od izraelskog premijera Benjamina Netanyahua koji za sobom ima kompletnu strukturu, a pod tim mislim na njegov&nbsp;<strong>mentalni, politi\u010dki, ideolo\u0161ki, cionisti\u010dki sklo<\/strong>p.<\/p>\n\n\n\n<p>To je isprovocirana pri\u010da da on ostane na vlasti nakon \u010detiri posljednja izbora koja su se organizovala u Izraelu u posljednje dvije godine&#8221;, naveo je Dizdarevi\u0107.<\/p>\n\n\n\n<p>Netanyahu je, kako je poznato, dobio priliku da formira vladu, ali u tome nije uspio.&nbsp;<strong>On iza sebe ima kompletnu strukturu<\/strong>&nbsp;koju je doveo za 15 godina i koja je ugro\u017eena njegovim odlaskom i sada se, kako je dodao Dizdarevi\u0107, radi o njegovoj bolesnoj ambiciji i poku\u0161aju da se po svaku cijenu vrati u igru, a na\u010din za to je radikalizacija bira\u010dkog tijela.<\/p>\n\n\n\n<p>&#8220;Prije 15 do 20 dana nije bilo nikakvih signala o radikalizaciji tamo, da bi se odjednom&nbsp;<strong>koristio ramazan<\/strong>&nbsp;i ta posebna atmosfera i da bi njegov igra\u010d koji je doveden prije nekoliko mjeseci za policijskog komesara u Jerusalemu, odjednom povukao nekoliko poteza koji su proizveli prve sukobe.<\/p>\n\n\n\n<p><strong>Damascus Gate<\/strong>&nbsp;u Jerusalemu oduvijek je bio prostor gdje su se, pogotovo za ramazan, nakon zavr\u0161enog posta uve\u010de, okupljale i dru\u017eile stotine hiljada mladih Palestinaca. On je odjednom na taj prostor bez ikakvog povoda postavio barikade, doveo policajce, specijalce i zabranio okupljanje oko Damascus Gatea uz jedno groteskno obrazlo\u017eenje da je to zbog koronavirusa.&nbsp;<\/p>\n\n\n\n<p>To je izazvalo prve ozbiljne sukobe tamo, a&nbsp;<strong>zapravo se radi o nasilju izraelske policije nad mladim ljudima koji su se tamo okupljali&#8221;,&nbsp;<\/strong>naveo je Dizdarevi\u0107.<\/p>\n\n\n\n<p>Prema njegovim rije\u010dima, onda se to preselilo na plato ispred&nbsp;<strong>al-Akse<\/strong>&nbsp;gdje je nastavljeno izazvanje incidenta, te upad u d\u017eamiju uz upotrebu oru\u017eja i granata, a paralelno sa svim tim krenuo je i poku\u0161aj delo\u017eacije nekoliko palestinskih porodica u kvartu u isto\u010dnom Jerusalemu.<\/p>\n\n\n\n<p>&#8220;To je sve skupa stvorilo krajnje<strong>\u00a0napetu atmosferu<\/strong>\u00a0koja je bila direktna provokacija Hamasu i to je zapravo bio cilj. Naravno da paralelno sa ovim postoji problem Hamasa koji nije ni\u0161ta mirotvorniji u svemu ovome, ali Hamas je rezultat o\u010dajne situacije u Gazi.<\/p>\n\n\n\n<p>Hamas je za sve ove godine, kako je situacija postajala sve gora i te\u017ea u egzistencionalnom smislu i uz sve intervencije Izraelaca na Gazu, ja\u010dao kao reakcija na tu situaciju, a tako\u0111er ima i izborne ambicije&#8221;, dodao je Dizdarevi\u0107.<\/p>\n\n\n\n<p>Sada se, kako je naveo,&nbsp;<strong>radi o pat poziciji,<\/strong>&nbsp;dodatno je eskaliralo ovih dana i ohrabrilo agresivne varijante na svakoj strani.<\/p>\n\n\n\n<p>&#8220;<strong>Me\u0111unarodna zajednica nema volje, snage, mehanizama niti interesa<\/strong>&nbsp;da to rje\u0161ava jer da su imali volju, rije\u0161ili bi to prije dvadeset godina. Veliki sam pesimista u kom \u0107e to pravcu dalje i\u0107i&#8221; kazao je Dizdarevi\u0107, napominju\u0107i da je situacija slo\u017eena i da se na tom \u0161irem podru\u010dju mo\u017ee desiti da se ponovo otvore neka pitanja za koja se mislilo da su zatvorena.<\/p>\n","protected":false},"excerpt":{"rendered":"<p>&#8220;U me\u0111unarodnoj politici i me\u0111unarodnom pravu ne postoji tema u posljednjem stolje\u0107u koja je do te mjere izvrgnuta ruglu kao \u0161to je to odnos me\u0111unarodne zajednice prema&nbsp;tzv. palestinskom pitanju&#8221;, izjavio je za&nbsp;Fenu&nbsp;Zlatko Dizdarevi\u0107, biv\u0161i ambasador BiH u Hrvatskoj, Jordanu, Iraku, Siriji i Libanu, koji je i kao novinar vi\u0161e decenija izvje\u0161tavao i boravio na Bliskom [&hellip;]<\/p>\n","protected":false},"author":59,"featured_media":29143,"comment_status":"open","ping_status":"closed","sticky":false,"template":"","format":"standard","meta":{"inline_featured_image":false,"footnotes":""},"categories":[75],"tags":[],"class_list":{"0":"post-29142","1":"post","2":"type-post","3":"status-publish","4":"format-standard","5":"has-post-thumbnail","7":"category-intervju"},"acf":[],"_links":{"self":[{"href":"https:\/\/tvsensor.com\/api\/wp\/v2\/posts\/29142","targetHints":{"allow":["GET"]}}],"collection":[{"href":"https:\/\/tvsensor.com\/api\/wp\/v2\/posts"}],"about":[{"href":"https:\/\/tvsensor.com\/api\/wp\/v2\/types\/post"}],"author":[{"embeddable":true,"href":"https:\/\/tvsensor.com\/api\/wp\/v2\/users\/59"}],"replies":[{"embeddable":true,"href":"https:\/\/tvsensor.com\/api\/wp\/v2\/comments?post=29142"}],"version-history":[{"count":2,"href":"https:\/\/tvsensor.com\/api\/wp\/v2\/posts\/29142\/revisions"}],"predecessor-version":[{"id":29145,"href":"https:\/\/tvsensor.com\/api\/wp\/v2\/posts\/29142\/revisions\/29145"}],"wp:featuredmedia":[{"embeddable":true,"href":"https:\/\/tvsensor.com\/api\/wp\/v2\/media\/29143"}],"wp:attachment":[{"href":"https:\/\/tvsensor.com\/api\/wp\/v2\/media?parent=29142"}],"wp:term":[{"taxonomy":"category","embeddable":true,"href":"https:\/\/tvsensor.com\/api\/wp\/v2\/categories?post=29142"},{"taxonomy":"post_tag","embeddable":true,"href":"https:\/\/tvsensor.com\/api\/wp\/v2\/tags?post=29142"}],"curies":[{"name":"wp","href":"https:\/\/api.w.org\/{rel}","templated":true}]}}