{"id":29109,"date":"2021-05-15T09:17:02","date_gmt":"2021-05-15T08:17:02","guid":{"rendered":"https:\/\/senzor.ba\/?p=29109"},"modified":"2024-01-15T21:37:02","modified_gmt":"2024-01-15T20:37:02","slug":"sedam-godina-od-poplava-u-bih-oni-su-nasli-svoj-novi-dom","status":"publish","type":"post","link":"https:\/\/tvsensor.com\/clanak\/sedam-godina-od-poplava-u-bih-oni-su-nasli-svoj-novi-dom\/","title":{"rendered":"Sedam godina od poplava u BiH: Oni su na\u0161li svoj novi dom"},"content":{"rendered":"\n<p>Prije sedam godina nekoliko dana obilnih padavina promijenilo je \u017eivote stotina hiljada ljudi \u0161irom Bosne i Hercegovine.<\/p>\n\n\n\n<p>U vremenu pandemije i novih izazova za zemlju i cijeli svijet, godi\u0161njica poplava prolazi nezapa\u017eeno, a poruke va\u017enosti rada na oporavku i obnovi ekonomije i zajednice izvu\u010dene iz tog perioda, danas su va\u017enije nego ikada.<\/p>\n\n\n\n<p>Vra\u0107anje pri\u010de na po\u010detak, ka ljudima \u010diji su domovi uni\u0161teni ili zna\u010dajno ugro\u017eeni u poplavama i klizi\u0161tima 2014. godine, vodi i u Novo Selo kod Bosankog \u0160amca, jedno od mjesta koja su stradala.<\/p>\n\n\n\n<p>Tamo je danas Milica Vo\u010dki\u0107, koja \u017eivi u novoj ku\u0107i izgra\u0111enoj kroz Program za oporavak od poplava, finansiran sredstvima Evropske unije.<\/p>\n\n\n\n<figure class=\"wp-block-image\"><img decoding=\"async\" src=\"https:\/\/static.hayat.ba\/2021\/05\/SEDAM-GODINA-OD-POPLAVA-U-BIH-ONI-SU-NASLI-SVOJ-NOVI-DOM-aa-2-1024x683.jpg\" alt=\"\"\/><\/figure>\n\n\n\n<p>&#8211; U poplavama mi je ku\u0107a poplavljena i uni\u0161tena. Sje\u0107am se tog u\u017easa. Dijete mi je bolesno, oti\u0161la sam kod kom\u0161ije. Sve stvari su mi uni\u0161tene. Dva i po mjeseca sam bila prakti\u010dno u dvori\u0161tu. Do uti\u010dnica mi je bila voda u ku\u0107i. Danas se u njoj ne mo\u017ee \u017eivjeti. Stariji sin je po\u010deo raditi. Zahvaljuju\u0107i Evropskoj uniji sam dobila ku\u0107u i plastenik. Danas u plasteniku imam krompir, luk, paprike, paradajz, krastavce, mahune, mrkvu, per\u0161un, sve \u0161to mora\u0161 imati i tako da se borim. Ljudima koji su ugro\u017eeni treba pomo\u0107i, va\u017eno je osigurati osnovne stvari, koliko se mo\u017ee, da \u017eivot nastavi\u201d, poru\u010duje Milica za Anadolu Agency (AA).<br>Druga pri\u010da dolazi iz \u017dep\u010da. Ana, njen sin Ivan i k\u0107erka Valentina \u017eivjeli su u opasnosti skoro pet godina.<\/p>\n\n\n\n<p>Njihov dom bio je ispresijecan dubokim pukotinama prouzrokovanim klizi\u0161tem koje se 2014. godine pokrenulo u neposrednoj blizini.<\/p>\n\n\n\n<p>&#8211; Nave\u010der me najvi\u0161e strah. Legnem i uvijek ne\u0161to pucketa. Ku\u0107a se mi\u010de\u201d, prepri\u010dava Ana.<\/p>\n\n\n\n<figure class=\"wp-block-image\"><img decoding=\"async\" src=\"https:\/\/static.hayat.ba\/2021\/05\/SEDAM-GODINA-OD-POPLAVA-U-BIH-ONI-SU-NASLI-SVOJ-NOVI-DOM-aa-3.jpg\" alt=\"\"\/><\/figure>\n\n\n\n<p><br>Pro\u0161le godine Ana i njena djeca su preselili u novu ku\u0107u. U okviru programa Evropske unije za oporavak od poplava, koji je proveo UNDP u saradnji s entitetskim vladama i partnerskim organizacijama i lokalnim vlastima, stambeno je zbrinuto vi\u0161e od 16.000 osoba.<\/p>\n\n\n\n<p>&#8211; Nisam vjerovala da \u0107e mi napraviti novi dom sve dok nisam vidjela da je izgra\u0111en do kraja. Neka je napravljen, a sad \u0107emo je polako opremati. Bit \u0107e bolje. I sigurnije\u201d, govori Ana.<\/p>\n\n\n\n<p>Modri\u010da je tako\u0111er bila jedna od lokalnih zajednica koja su pretrpjela te\u0161ke \u0161tete u vremenu poplava.<\/p>\n\n\n\n<p>Mje\u0161tanin \u0110or\u0111e je godinama nakon poplava \u017eivio u staroj ku\u0107i na klizi\u0161tu. Uprkos opasnosti, on je morao \u017eivjeti tu pet godina, jer nije mogao priu\u0161titi preseljenje.<\/p>\n\n\n\n<p>&#8211; \u010cim bi prva ki\u0161a pala, ja bih morao cijelu no\u0107 de\u017eurati, jer nikad ne zna\u0161 kad \u0107e krenuti klizi\u0161te\u201d, opisuje \u0110or\u0111e taj period.<\/p>\n\n\n\n<p>On i njegova supruga Du\u0161anka vi\u0161e ne strahuju od ki\u0161e. Useljenjem u svoj novi dom ovaj bra\u010dni par iz Modri\u010de dobio je prijeko potrebnu sigurnost.<\/p>\n\n\n\n<p>&#8211; Super nam je\u201d, ka\u017ee Du\u0161anka dok sjedi na kau\u010du u novom dnevnom boravku. Dnevni boravak je povezan s kuhinjom, a u ku\u0107i je jo\u0161 i spava\u0107a soba, kupaonica i hodnik.<\/p>\n\n\n\n<figure class=\"wp-block-image\"><img decoding=\"async\" src=\"https:\/\/static.hayat.ba\/2021\/05\/SEDAM-GODINA-OD-POPLAVA-U-BIH-ONI-SU-NASLI-SVOJ-NOVI-DOM-aa-1.jpg\" alt=\"\"\/><\/figure>\n\n\n\n<p>Bilo nam je malo neobi\u010dno, kao da smo do\u0161li u drugi svijet\u201d, govori \u0110or\u0111e o prvim danima \u017eivota na novoj lokaciji, dvadesetak kilometara od stare ku\u0107e, gdje sada na sigurnom mo\u017ee mirno spavati.<\/p>\n\n\n\n<p>U Bijeljini, Zdravko i njegova \u0161esto\u010dlana porodica su tako\u0111er svoj novi dom prona\u0161li kroz Program za oporavak od poplava. Prisje\u0107a se te\u0161kih majskih dana 2014. godine.<\/p>\n\n\n\n<p>&#8211; Sve se desilo za pola sata. Voda je probila kanal i krenula prema nama\u201d, govori on.<\/p>\n\n\n\n<p>Pored ogromne \u0161tete na stambenom objektu, voda je usmrtila i svu perad koju je dr\u017eao, kao i zasade je\u010dma.<\/p>\n\n\n\n<p>&#8211; Do struka sam vodu gazio. To je strahota bila, tolika je sila nai\u0161la\u201d, govori Zdravko.<\/p>\n\n\n\n<p>Uprkos te\u0161kim izazovima i svemu \u0161to su pre\u017eivjeli, danas, sedam godina kasnije, na\u0161i sagovornici imaju i sretni zavr\u0161etak pri\u010de. Oni su me\u0111u ljudima koji su zahvaljuju\u0107i programima podr\u0161ke Evropske unije i UNDP-a kona\u010dno na\u0161li sigurnu adresu za planiranje bolje i mirnije budu\u0107nosti.<\/p>\n\n\n\n<p>No, pokazatelji i dalje upozoravaju: nasipe je potrebno odr\u017eavati, klizi\u0161ta osigurati i ulo\u017eiti dodatne napore kako neke nove ki\u0161e ne bi ponovile katastrofu iz 2014. godine.<\/p>\n","protected":false},"excerpt":{"rendered":"<p>Prije sedam godina nekoliko dana obilnih padavina promijenilo je \u017eivote stotina hiljada ljudi \u0161irom Bosne i Hercegovine. U vremenu pandemije i novih izazova za zemlju i cijeli svijet, godi\u0161njica poplava prolazi nezapa\u017eeno, a poruke va\u017enosti rada na oporavku i obnovi ekonomije i zajednice izvu\u010dene iz tog perioda, danas su va\u017enije nego ikada. Vra\u0107anje pri\u010de na [&hellip;]<\/p>\n","protected":false},"author":59,"featured_media":29119,"comment_status":"open","ping_status":"closed","sticky":false,"template":"","format":"standard","meta":{"inline_featured_image":false,"footnotes":""},"categories":[43],"tags":[],"class_list":{"0":"post-29109","1":"post","2":"type-post","3":"status-publish","4":"format-standard","5":"has-post-thumbnail","7":"category-bih"},"acf":[],"_links":{"self":[{"href":"https:\/\/tvsensor.com\/api\/wp\/v2\/posts\/29109","targetHints":{"allow":["GET"]}}],"collection":[{"href":"https:\/\/tvsensor.com\/api\/wp\/v2\/posts"}],"about":[{"href":"https:\/\/tvsensor.com\/api\/wp\/v2\/types\/post"}],"author":[{"embeddable":true,"href":"https:\/\/tvsensor.com\/api\/wp\/v2\/users\/59"}],"replies":[{"embeddable":true,"href":"https:\/\/tvsensor.com\/api\/wp\/v2\/comments?post=29109"}],"version-history":[{"count":1,"href":"https:\/\/tvsensor.com\/api\/wp\/v2\/posts\/29109\/revisions"}],"predecessor-version":[{"id":29120,"href":"https:\/\/tvsensor.com\/api\/wp\/v2\/posts\/29109\/revisions\/29120"}],"wp:featuredmedia":[{"embeddable":true,"href":"https:\/\/tvsensor.com\/api\/wp\/v2\/media\/29119"}],"wp:attachment":[{"href":"https:\/\/tvsensor.com\/api\/wp\/v2\/media?parent=29109"}],"wp:term":[{"taxonomy":"category","embeddable":true,"href":"https:\/\/tvsensor.com\/api\/wp\/v2\/categories?post=29109"},{"taxonomy":"post_tag","embeddable":true,"href":"https:\/\/tvsensor.com\/api\/wp\/v2\/tags?post=29109"}],"curies":[{"name":"wp","href":"https:\/\/api.w.org\/{rel}","templated":true}]}}