{"id":29101,"date":"2021-05-15T08:49:36","date_gmt":"2021-05-15T07:49:36","guid":{"rendered":"https:\/\/senzor.ba\/?p=29101"},"modified":"2024-01-15T21:37:05","modified_gmt":"2024-01-15T20:37:05","slug":"americki-vojnici-stizu-danas-na-sarajevski-aerodrom","status":"publish","type":"post","link":"https:\/\/tvsensor.com\/clanak\/americki-vojnici-stizu-danas-na-sarajevski-aerodrom\/","title":{"rendered":"Ameri\u010dki vojnici sti\u017eu danas na sarajevski aerodrom"},"content":{"rendered":"\n<p>Na sarajevskom aerodromu danas \u0107e biti organizovan do\u010dek ameri\u010dkih vojnika koji \u0107e u\u010destvovati u bilateralnoj vje\u017ebi &#8220;Brzi odgovor&#8221;, najavljeno je iz Ministarstva odbrane u Savjetu ministara.<\/p>\n\n\n\n<p>Ameri\u010dke vojnike \u0107e u 9.30&nbsp;sati do\u010dekati ministar odbrane u Savjetu ministara<strong>&nbsp;Sifet Pod\u017ei\u0107<\/strong>, ambasador SAD u BiH&nbsp;<strong>Eric Nelson<\/strong>, zamjenik na\u010delnika Zajedni\u010dkog \u0161taba Oru\u017eanih snaga BiH general-pukovnik&nbsp;<strong>Ivica Jerki\u0107<\/strong>&nbsp;i komandant NATO \u0161taba Sarajevo ameri\u010dki brigadni general&nbsp;<strong>Eric Folkestad<\/strong>, najavljeno je iz Ministarstva odbrane.<\/p>\n\n\n\n<p>U ovoj bilateralnoj vje\u017ebi \u0107e u\u010destvovati oko 500 pripadnika Oru\u017eanih snaga Bosne i Hercegovine i 700 ameri\u010dkih vojnika, a vje\u017eba \u0107e biti odr\u017eana od 17. maja do 2. juna.<\/p>\n\n\n\n<p><strong>Dio ameri\u010dkih vojnika doputovao u Sarajevo<\/strong><\/p>\n\n\n\n<p>Grupa od 200-tinjak ameri\u010dkih vojnika (&#8220;Immediate Response 21&#8221;) ju\u010der u popodnevnim satima stigla je avionom na Me\u0111unarodni aerodrom Sarajevo.<\/p>\n\n\n\n<p>Na snimcima do kojih je do\u0161ao portal Radiosarajevo.ba, vidi se kako ameri\u010dki vojnici izlaze iz aviona, a potom se postrojavaju na pisti sarajevskog aerodroma.<\/p>\n\n\n\n<p>Potom se upu\u0107uju u autobuse koji ih odvoze na lokaciju predvi\u0111enu za u\u010desnike vojne vje\u017ebe.<\/p>\n","protected":false},"excerpt":{"rendered":"<p>Na sarajevskom aerodromu danas \u0107e biti organizovan do\u010dek ameri\u010dkih vojnika koji \u0107e u\u010destvovati u bilateralnoj vje\u017ebi &#8220;Brzi odgovor&#8221;, najavljeno je iz Ministarstva odbrane u Savjetu ministara. Ameri\u010dke vojnike \u0107e u 9.30&nbsp;sati do\u010dekati ministar odbrane u Savjetu ministara&nbsp;Sifet Pod\u017ei\u0107, ambasador SAD u BiH&nbsp;Eric Nelson, zamjenik na\u010delnika Zajedni\u010dkog \u0161taba Oru\u017eanih snaga BiH general-pukovnik&nbsp;Ivica Jerki\u0107&nbsp;i komandant NATO \u0161taba [&hellip;]<\/p>\n","protected":false},"author":59,"featured_media":29102,"comment_status":"open","ping_status":"closed","sticky":false,"template":"","format":"standard","meta":{"inline_featured_image":false,"footnotes":""},"categories":[38],"tags":[],"class_list":{"0":"post-29101","1":"post","2":"type-post","3":"status-publish","4":"format-standard","5":"has-post-thumbnail","7":"category-vijesti-iz-bih"},"acf":[],"_links":{"self":[{"href":"https:\/\/tvsensor.com\/api\/wp\/v2\/posts\/29101","targetHints":{"allow":["GET"]}}],"collection":[{"href":"https:\/\/tvsensor.com\/api\/wp\/v2\/posts"}],"about":[{"href":"https:\/\/tvsensor.com\/api\/wp\/v2\/types\/post"}],"author":[{"embeddable":true,"href":"https:\/\/tvsensor.com\/api\/wp\/v2\/users\/59"}],"replies":[{"embeddable":true,"href":"https:\/\/tvsensor.com\/api\/wp\/v2\/comments?post=29101"}],"version-history":[{"count":2,"href":"https:\/\/tvsensor.com\/api\/wp\/v2\/posts\/29101\/revisions"}],"predecessor-version":[{"id":29104,"href":"https:\/\/tvsensor.com\/api\/wp\/v2\/posts\/29101\/revisions\/29104"}],"wp:featuredmedia":[{"embeddable":true,"href":"https:\/\/tvsensor.com\/api\/wp\/v2\/media\/29102"}],"wp:attachment":[{"href":"https:\/\/tvsensor.com\/api\/wp\/v2\/media?parent=29101"}],"wp:term":[{"taxonomy":"category","embeddable":true,"href":"https:\/\/tvsensor.com\/api\/wp\/v2\/categories?post=29101"},{"taxonomy":"post_tag","embeddable":true,"href":"https:\/\/tvsensor.com\/api\/wp\/v2\/tags?post=29101"}],"curies":[{"name":"wp","href":"https:\/\/api.w.org\/{rel}","templated":true}]}}