{"id":29098,"date":"2021-05-15T08:46:03","date_gmt":"2021-05-15T07:46:03","guid":{"rendered":"https:\/\/senzor.ba\/?p=29098"},"modified":"2024-01-15T21:37:05","modified_gmt":"2024-01-15T20:37:05","slug":"tuzla-je-prije-29-godine-odbranjena-na-brcanskoj-malti","status":"publish","type":"post","link":"https:\/\/tvsensor.com\/clanak\/tuzla-je-prije-29-godine-odbranjena-na-brcanskoj-malti\/","title":{"rendered":"Tuzla je prije 29 godina odbranjena na Br\u010danskoj Malti"},"content":{"rendered":"\n<p>Prije ta\u010dno 29 godine, 15. maja 1992. godine, u naselju&nbsp;<strong>Br\u010danska Malta<\/strong>&nbsp;dogodila se jedna od najva\u017enijih bitaka za odbranu Tuzle.<\/p>\n\n\n\n<p>Tada su pripadnici rezervne policije i Teritorijalne odbrane (TO) porazili rezerviste Jugoslavenske narodne armije (JNA) i paravojne srpske snage koje su poku\u0161ale zauzeti grad.<\/p>\n\n\n\n<p>Prilikom izvla\u010denja JNA iz kasarne prema Majevici, na Br\u010danskoj Malti, do\u0161lo je do sukoba izme\u0111u vojnika JNA i Teritorijalne odbrane i policije Tuzle. Za Tuzlu i njene gra\u0111ane ovaj doga\u0111aj je zna\u010dio odbranu grada i sprje\u010davanje JNA i okupacije srpskih ekstremista.<\/p>\n\n\n\n<p>Tom prilikom poginulo je 49 rezervista JNA i \u010detiri pripadnika tuzlanske policije, dok je 25 policajaca ranjeno.<\/p>\n\n\n\n<p><strong>Tuzlaci ovaj datum obilje\u017eavaju kao Dan oslobo\u0111enja grada<\/strong>, dok ga udru\u017eenja iz RS-a obilje\u017eavaju kao stradanje pripadnika biv\u0161e JNA.<\/p>\n\n\n\n<figure class=\"wp-block-embed is-type-video is-provider-youtube wp-block-embed-youtube wp-embed-aspect-4-3 wp-has-aspect-ratio\"><div class=\"wp-block-embed__wrapper\">\n<iframe loading=\"lazy\" title=\"Tuzla - 15.5.92 - Brcanska malta (Tuzlanska kolona, 2 sata snimka)\" width=\"696\" height=\"522\" src=\"https:\/\/www.youtube.com\/embed\/7DELag_1dxk?feature=oembed\" frameborder=\"0\" allow=\"accelerometer; autoplay; clipboard-write; encrypted-media; gyroscope; picture-in-picture\" allowfullscreen><\/iframe>\n<\/div><\/figure>\n","protected":false},"excerpt":{"rendered":"<p>Prije ta\u010dno 29 godine, 15. maja 1992. godine, u naselju&nbsp;Br\u010danska Malta&nbsp;dogodila se jedna od najva\u017enijih bitaka za odbranu Tuzle. Tada su pripadnici rezervne policije i Teritorijalne odbrane (TO) porazili rezerviste Jugoslavenske narodne armije (JNA) i paravojne srpske snage koje su poku\u0161ale zauzeti grad. Prilikom izvla\u010denja JNA iz kasarne prema Majevici, na Br\u010danskoj Malti, do\u0161lo je [&hellip;]<\/p>\n","protected":false},"author":59,"featured_media":29099,"comment_status":"open","ping_status":"closed","sticky":false,"template":"","format":"standard","meta":{"inline_featured_image":false,"footnotes":""},"categories":[47],"tags":[],"class_list":{"0":"post-29098","1":"post","2":"type-post","3":"status-publish","4":"format-standard","5":"has-post-thumbnail","7":"category-historija"},"acf":[],"_links":{"self":[{"href":"https:\/\/tvsensor.com\/api\/wp\/v2\/posts\/29098","targetHints":{"allow":["GET"]}}],"collection":[{"href":"https:\/\/tvsensor.com\/api\/wp\/v2\/posts"}],"about":[{"href":"https:\/\/tvsensor.com\/api\/wp\/v2\/types\/post"}],"author":[{"embeddable":true,"href":"https:\/\/tvsensor.com\/api\/wp\/v2\/users\/59"}],"replies":[{"embeddable":true,"href":"https:\/\/tvsensor.com\/api\/wp\/v2\/comments?post=29098"}],"version-history":[{"count":2,"href":"https:\/\/tvsensor.com\/api\/wp\/v2\/posts\/29098\/revisions"}],"predecessor-version":[{"id":35527,"href":"https:\/\/tvsensor.com\/api\/wp\/v2\/posts\/29098\/revisions\/35527"}],"wp:featuredmedia":[{"embeddable":true,"href":"https:\/\/tvsensor.com\/api\/wp\/v2\/media\/29099"}],"wp:attachment":[{"href":"https:\/\/tvsensor.com\/api\/wp\/v2\/media?parent=29098"}],"wp:term":[{"taxonomy":"category","embeddable":true,"href":"https:\/\/tvsensor.com\/api\/wp\/v2\/categories?post=29098"},{"taxonomy":"post_tag","embeddable":true,"href":"https:\/\/tvsensor.com\/api\/wp\/v2\/tags?post=29098"}],"curies":[{"name":"wp","href":"https:\/\/api.w.org\/{rel}","templated":true}]}}