{"id":288,"date":"2019-01-30T22:18:08","date_gmt":"2019-01-30T22:18:08","guid":{"rendered":"https:\/\/wh449638.ispot.cc\/?p=288"},"modified":"2024-01-15T21:50:22","modified_gmt":"2024-01-15T20:50:22","slug":"zehra-deovic-sjecanje-na-doajenu-sevdalinke-video","status":"publish","type":"post","link":"https:\/\/tvsensor.com\/clanak\/zehra-deovic-sjecanje-na-doajenu-sevdalinke-video\/","title":{"rendered":"Zehra Deovi\u0107: Sje\u0107anje na doajenu sevdalinke (VIDEO)"},"content":{"rendered":"\n<p>Zehra Deovi\u0107 je ro\u0111ena 9. decembra 1938. godine u Fo\u010di, u uglednoj fo\u010danskoj porodici Halima i Abide Deovi\u0107. Tokom Drugog svjetskog rata, kao i mnoge bo\u0161nja\u010dke porodice i Zehrina biva \u017ertva zlo\u010dina\u010dke ruke. Otac Halim biva ubijen, a Zehra kao djevoj\u010dica s majkom, sestrom i bratom boravi u izbjegli\u0161tu u Sarajevu. Godine, 1946. porodica Deovi\u0107 se ponovo vra\u0107a u Fo\u010du.<\/p>\n\n\n\n<figure class=\"wp-block-image\"><img decoding=\"async\" src=\"https:\/\/imageshack.com\/a\/img923\/3805\/XW70hL.jpg\" alt=\"Tuzlarije\" \/><\/figure>\n\n\n\n<p>U svom rodnom gradu Zehra je zavr\u0161ila osnovnu \u0161kolu i gimnaziju.&nbsp;Jo\u0161 kao mlada djevojka postala je \u010dlanica fo\u010danskog Omladinskog kulturno-umjetni\u010dkog dru\u0161tva \u201cJedinstvo\u201d. S ovim dru\u0161tvom bilje\u017ei prve zna\u010dajnije nastupe ve\u0107 od 1953. godine kada u\u010destvuje na turneji po ve\u0107im gradovima tada\u0161nje Jugoslavije, gdje je imala priliku nastupati s tada glasovitim imenima, kao \u0161to su Vuka \u0160eherovi\u0107, Sofka Lazarevi\u0107 i drugi.<br>Prekretnica u Zehrinoj karijeri je 1960. godina, odnosno dolazak na studij u Sarajevo (Pedago\u0161ka akademija-muzi\u010dka grupa ), gdje iste godine pola\u017ee audiciju na Radio Sarajevu.<\/p>\n\n\n\n<figure class=\"wp-block-image\"><img decoding=\"async\" src=\"https:\/\/imageshack.com\/a\/img921\/9317\/SNxI0J.jpg\" alt=\"Tuzlarije\" \/><\/figure>\n\n\n\n<p>Zehrina interpretacija sevdalinke \u201cDvije su se vode zavadile\u201d bila je sasvim dovoljna iskusnom muzi\u010dkom pedagogu i kompozitoru Belu\u0161u Jungi\u0107u da Zehrin nastup na audiciji ocijeni najvi\u0161im ocjenama i otvori estradna vrata budu\u0107oj muzi\u010dkoj divi. Upravo, ova pjesma koja je Zehri bila ulazna karta Radio Sarajeva, postala je najpoznatija u njenom izvo\u0111enju.<\/p>\n\n\n\n<p>Pored \u201cDvije su se vode zavadile\u201d, Zehra je ostala upam\u0107ena kao \u201cmajstor\u201d za mnoge druge \u201cporavne\u201d pjesme sevdalinke.&nbsp; Me\u0111utim, posebno je voljela pjesmu \u201cMlad se Jusuf o\u017eenio\u201d, koju je prvi puta \u010dula od svoje rahmetli majke Abide.<\/p>\n\n\n\n<figure class=\"wp-block-image\"><img decoding=\"async\" src=\"https:\/\/imageshack.com\/a\/img923\/9147\/tKJrkp.jpg\" alt=\"Tuzlarije\" \/><\/figure>\n\n\n\n<p>U Sarajevu, Zehra tako\u0111er nastavlja saradnju s kulturno-umjetni\u010dkim dru\u0161tvima, te postaje aktivni \u010dlan KUD \u201cSlobodan Princip-Seljo\u201d.<br>Dobiv\u0161i zvanje vokalnog soliste narodne muzike, po\u010dinje intenzivnu saradnju sa RTV Sarajevo, od kada je po\u010dela njena veoma uspje\u0161na karijera. Od tada osvaja srca publike i sve nagrade estradnog podneblja biv\u0161e Jugoslavije.<\/p>\n\n\n\n<p>Redovni je u\u010desnik Ilid\u017eanskog festivala (jo\u0161 od onog Prvog iz 1963. godine), Beogradskog \u201cSabora\u201d, \u201cFestivala podunavskih zemalja\u201d Novi Sad itd. Bezbrojni su nastupi u organizaciji \u201cMatice iseljenika\u201d, u svim republikama biv\u0161e Jugoslavije. Zehra, tako\u0111er je uspje\u0161no sara\u0111ivala sa amaterskim dru\u0161tvima oboga\u0107uju\u0107i njihov program.&nbsp; Putovala je na mnoge turneje sa profesionalnim ansamblima, kao \u0161to su: \u201cKolo\u201d Beograd, \u201cBosansko kolo\u201d Sarajevo i sli\u010dno.<\/p>\n\n\n\n<p>Svojom pjesmom obi\u0161la je cijeli svijet i zabilje\u017eila presti\u017ene nastupe u mnogim zemljama, po\u010dev od 1964. \u2013 Bugarska, Izrael, Egipat, zatim po nekoliko puta Australija, Novi Zeland, SAD, ve\u0107ina zemalja Evrope. Godine, 1983., u susret Zimskim Olimpijskim igrama, kada se Sarajevo bratimilo s Bakuom, odr\u017eala je niz gostovanja u Azerbejd\u017eanu.<br>Tokom karijere sara\u0111uje s vrsnim muzi\u010darima i tekstopiscima: Ismet Alajbegovi\u0107- \u0160erbo, Jozo Penava, Jovica Petkovi\u0107, Belu\u0161 Jungi\u0107, Zvonko Nev\u017eala, Besim Bajraktarevi\u0107, Safet Kafed\u017ei\u0107, Mijat Bo\u017eovi\u0107, Dragan Kne\u017eevi\u0107, Omer Pobri\u0107, Elvidin Krili\u0107, D\u017eevad Sulejmanagi\u0107.., snima niz duetskih pjesama sa Zorom Dubljevi\u0107, tri sa Safetom Isovi\u0107em, nekoliko horskih s vokalnom postavom tada\u0161njeg Radio Sarajeva.<\/p>\n\n\n\n<p>Zehra je ostala poznata i po tome \u0161to je snimala i interpretirala pobo\u017ene pjesme, ilahije i kaside, ostvariv\u0161i zapa\u017eenu saradnju sa horom Gazi-Husrev Begove medrese iz Sarajeva. Godine 1990. uz pratnju ovog hora snimila je plo\u010du i kasetu \u201cKad procvatu behari\u201d.<\/p>\n\n\n\n<figure class=\"wp-block-image\"><img decoding=\"async\" src=\"https:\/\/imageshack.com\/a\/img924\/2294\/9wstQH.jpg\" alt=\"Tuzlarije\" \/><\/figure>\n\n\n\n<p>U\u010desnik je prvog koncerta ilahija i kasida u sarajevskoj dvorani Zetra 1990. godine, velikog koncerta duhovne muzike na stadionu Bilino Polje u Zenici, u Bijeljini i drugdje. S kasidama i ilahijama \u201cDo\u0161la voda\u201d, \u201cMolitva\u201d, \u201cKo upita selamimo\u201d, \u201cKad procvatu behari\u201d, \u201cMevlaje salli\u201d, \u201cTeku rajski potoci\u201d, uveli\u010dala je brojne koncerte u ratnoj i postratnoj Bosni i Hercegovini i bh. dijaspori.<\/p>\n\n\n\n<p>Tako\u0111er, u toku agresije na Republiku Bosnu i Hercegovinu 1992-1995. godine, Zehra aktivno sudjeluje u sarajevskoj ratnoj estradi. Izme\u0111uostalih, tada snima pjesme \u201cBentba\u0161a\u201d, \u201cKova\u010di\u201d i \u201cRanjena Fo\u010da\u201d.<br>Prema izjavi koju je rahmetli Zehra Deovi\u0107 dala autoru ovog teksta(biografije), na\u0161 poznati tekstopisac D\u017eemaludin Lati\u0107, 1993. godine je posredstvom predsjednika Republike BiH Alije Izetbegovi\u0107a, Zehri poslao tekst pjesme \u201cKova\u010di\u201d. Odmah nakon \u0161to je primila tekst, uprkos ratnom plamenu koji je buktao Sarajevom, Zehra je uspjela da na\u0111e saradnike koji su trebali napraviti muziku za ovu pjesmu (ilahiju). Muziku je komponovao Spasoje Berak, te je sve bilo spremno za snimak. Tri dana je Zehra \u010dekala da se koliko toliko ubla\u017ei agresorska paljba na sarajevski RTV dom, da bi \u010detvrto jutro do\u0161la u prostorije doma. Tamo je zatekla uposlenike, koji su u to vrijeme jo\u0161 spavali\u2026Ubrzo su u\u0161li u studio, te kako navodi, zbog velike hladno\u0107e u studiu, dok je interpretirala Kova\u010de, primjetno je bilo da joj je iz usta izlazila para. Uprkos tome, Kova\u010di su izvanredno snimljeni, te dali dodatnu snagu otporu u opkoljenom Sarajevu i cijeloj BiH.<\/p>\n\n\n\n<p>Docnije, 2004. godine, Zehra je u sklopu projekta \u201c\u0160ehidima Bosne i Hercegovine\u201d, ponovno snimila ovu pjesmu (\u201cMladost moga Sarajeva\u201d). Ovaj put uz pratnju Omladinskog hora iz Zenice, kada je snimljen i video spot, a snimanje istog, Zehra je tri puta prekidala zbog emocija koje su probu\u0111ene prilikom snimanja na mezarju Kova\u010di.<\/p>\n\n\n\n<p>Zehra Deovi\u0107 je u periodu 1960-1990. godine imala veoma uspje\u0161nu diskografsku aktivnost, na desetine LP-iova, singlica, kaseta. Sara\u0111ivala je sa \u201cJugotonom\u201d-Zagreb, jedna \u201czlatna\u201d (LP \u201cTebi majko misli lete\u201d) i dvije \u201csrebrene\u201d plo\u010de, zatim s PGP-RTB i Beograd Diskom. Naravno, najproduktivniju saradnju je ostvarila sa RTVSA, \u010diji je stalni saradnik bila pola stolje\u0107a. Danas, u Arhivu Muzi\u010dke produkcije BHRT-a ima preko stotinu trajnih audio snimaka, pjesama u interpretaciji Zehre Deovi\u0107.<\/p>\n\n\n\n<p>Zehrine pjesme, zajedno s drugim izvo\u0111a\u010dima su \u0161tampane i na sedam CD-ova, Antologija sevdalinke u izdanju Muzi\u010dke produkcije BHRT-a, i jednog dvd-a. Na ovom dvd-u se nalazi Zehrin antologijski video spot za sevdalinku \u201cDvije su se vode zavadile\u201d, koji je snimljen 1969. godine u Fo\u010di, za koju se i ve\u017ee radnja ove pjesme.<\/p>\n\n\n\n<figure class=\"wp-block-embed-youtube wp-block-embed is-type-video is-provider-youtube wp-embed-aspect-4-3 wp-has-aspect-ratio\"><div class=\"wp-block-embed__wrapper\">\n<iframe loading=\"lazy\" title=\"Zehra Deovi\u0107 - Poklon Bosni\" width=\"696\" height=\"522\" src=\"https:\/\/www.youtube.com\/embed\/H2oCesb7cRY?feature=oembed&#038;enablejsapi=1\" frameborder=\"0\" allow=\"accelerometer; autoplay; clipboard-write; encrypted-media; gyroscope; picture-in-picture\" allowfullscreen><\/iframe>\n<\/div><\/figure>\n\n\n\n<p>Godine 2010., u povodu obilje\u017eavanja 50. godina umjetni\u010dkog rada, Muzi\u010dka produkcija BHRT-a objavila je trostruku cd kompilaciju Zehrinih antologijskih snimaka Doajeni BH sevdalinke \u2013 Zehra Deovi\u0107.<\/p>\n\n\n\n<p>U periodu 2007-2010. godine Zehra Deovi\u0107 je imala zapa\u017eene nastupe. Tako, 2007. godine otvara ve\u010deri sevdaha u zagreba\u010dkoj dvorani Lisinski \u2013 \u201cSevdah u Lisinskom\u201d, gdje nastupa i 2008, 2009, i 2010. godine. Nastupa i u drugim gradovima Hrvatske, a 2010. u\u010destvuje na prvom postratnom koncertu sevdaha u beogradskom Sava centru. Isto tako, bila je redovni u\u010desnik i \u010dlan \u017eirija festivala Zavi\u010dajne muzike u Velikoj Kladu\u0161i (2007-2013.) Od ovog festivala dobiva i priznanje \u201cZlatna povisilica\u201d za \u017eivotno djelo.<\/p>\n\n\n\n<p>Jedan od zapa\u017eenih nastupa u dijaspori jeste i u\u010de\u0161\u0107e na festivalu \u201cBalkan Fever Fest\u201d u Be\u010du 2009. godine.<\/p>\n\n\n\n<p>Tokom karijere Zehra je dobila mnoge nagrade, od kojih se svakako izdvajaju Estradna nagrada Jugoslavije i Estradna nagrada Bosne i Hercegovine iz 1980. godine. Tu su i druga priznanja, te zahvalnice za predan humanitarni rad i uspje\u0161ne nastupe.<br>Zehra je govorila: \u201cPjeva\u010d ne smije da se pamti po pjesmama ve\u0107 isklju\u010divo po pjevanju, jer pjesma prolazi, a glas ostaje, naravno ako ga taj neko ima\u201d. Tako\u0111er, u vrijeme kada su mnogima zna\u010dile zlatne i srebrene plo\u010de govorila je: \u201cBolje zlatan glas, nego zlatna plo\u010da\u201d.<\/p>\n\n\n\n<figure class=\"wp-block-embed-youtube wp-block-embed is-type-video is-provider-youtube wp-embed-aspect-4-3 wp-has-aspect-ratio\"><div class=\"wp-block-embed__wrapper\">\n<iframe loading=\"lazy\" title=\"Zehra Deovic-Dvije su se vode zavadile\" width=\"696\" height=\"522\" src=\"https:\/\/www.youtube.com\/embed\/eXDbu2lyQYg?feature=oembed&#038;enablejsapi=1\" frameborder=\"0\" allow=\"accelerometer; autoplay; clipboard-write; encrypted-media; gyroscope; picture-in-picture\" allowfullscreen><\/iframe>\n<\/div><\/figure>\n\n\n\n<p>No, ni ovo nije sve, Zehra se u sedamdesetim godinama \u017eivota, odlu\u010dila da snimi nekoliko novih pjesama u duhu sevdaha: \u201cMirna Bosna\u201d, \u201cBa\u0161\u010dar\u0161ijske no\u0107i\u201d, \u201c\u010cekme\u0111a\u201d i \u201cSafete, sajo\u201d. Ove pjesme, kao i ponovo snimljena pjesma \u201cPoklon Bosni\u201d, te druge stare sevdalinke, kasida \u201cDo\u0161la voda\u201d i ilahija \u201cKova\u010di\u201d, nalaze se na novom albumu \u201cPoklon Bosni\u201d, koji je izdat po\u010detkom 2014. godine. Isti je snimljen u studiju MP BHRT, uz zvuke Tambura\u0161kog i Narodnog orkestra BHRT-a, uz pratnju KUD-a \u201cBa\u0161\u010dar\u0161ija\u201d.<\/p>\n\n\n\n<figure class=\"wp-block-embed-youtube wp-block-embed is-type-video is-provider-youtube wp-embed-aspect-4-3 wp-has-aspect-ratio\"><div class=\"wp-block-embed__wrapper\">\n<iframe loading=\"lazy\" title=\"Mejra na tabutu  - Zehra Deovic\" width=\"696\" height=\"522\" src=\"https:\/\/www.youtube.com\/embed\/5oMOC2lYcYM?feature=oembed&#038;enablejsapi=1\" frameborder=\"0\" allow=\"accelerometer; autoplay; clipboard-write; encrypted-media; gyroscope; picture-in-picture\" allowfullscreen><\/iframe>\n<\/div><figcaption><br><\/figcaption><\/figure>\n\n\n\n<figure class=\"wp-block-embed-youtube wp-block-embed is-type-video is-provider-youtube wp-embed-aspect-16-9 wp-has-aspect-ratio\"><div class=\"wp-block-embed__wrapper\">\n<iframe loading=\"lazy\" title=\"\ud83d\udc44ZEHRA DEOVIC\ud83d\udc44 ... Bosno moja, divna, mila [*spec. version]\" width=\"696\" height=\"392\" src=\"https:\/\/www.youtube.com\/embed\/AY2ib0EpPl4?feature=oembed&#038;enablejsapi=1\" frameborder=\"0\" allow=\"accelerometer; autoplay; clipboard-write; encrypted-media; gyroscope; picture-in-picture\" allowfullscreen><\/iframe>\n<\/div><\/figure>\n\n\n\n<p>Na Ve\u010deri sevdaha u okviru Ba\u0161\u010dar\u0161ijskih no\u0107i 2014. godine, Zehra je bila po\u010dasni gost, a od strane mladih interpretatora sevdaha tada je dobila Plaketu za \u017eivotno djelo u o\u010duvanju sevdaha.<\/p>\n\n\n\n<p>Posljednji javni nastup, Zehra je imala 1. marta 2015. godine, kada je gostovala u emisiji Opu\u0161teno nedjeljom BHRT-a. Emisija je bila posve\u0107ena Safetu Isovi\u0107u, a Zehra je tada premijerno interpretirala pjesmu Safete, Sajo (pjesma sa novog cd-a, koja je i posve\u0107ena rahmetli Safetu Isovi\u0107u).<\/p>\n\n\n\n<p>Nakon du\u017ee i te\u0161ke bolesti, Zehra je preminula u Sarajevu, u petak 30. oktobra 2015. godine. D\u017eenaza namaz je klanjana u subotu 31. oktobra na mezarju Faleti\u0107i 2, a tewhid je prou\u010den istog dana u Alipa\u0161inoj d\u017eamiji u Sarajevu. Komemoracija povodom smrti Zehre Deovi\u0107 odr\u017eana je u Art ku\u0107i sevdaha 2. novembra 2015. godine.<br>Neke od pjesama kojima je Zehra dala svoj pe\u010dat, oblik i nenadma\u0161nu interpretaciju su: Dvije su se vode zavadile, Da sam ptica, Mlad se Jusuf o\u017eenio, Tamburalo mom\u010de, Gdje si dragi \u017eiva \u017eeljo moja, Tebi majko misli lete, Djevojka je u gori zaspala, S one strane Jajca, Lastavice lasto, Djevojka pita slavi\u0107a, Lijepo ti je pogledati, Snijeg pade na behar na vo\u0107e, Po mjese\u010dini kraj \u0161im\u0161ira, Bar jednom otvori to srce svoje, Bosno moja divna mila, Koje li je doba no\u0107i, Ak\u0161am mra\u010de, Haj, jedva \u010dekam da se mrak navu\u010de, Srce moje izmoreno, Rasla je ru\u017ea,&nbsp; Poklon Bosni, Do\u0161la voda, Kova\u010di, Kad procvatu behari, Teku rajski potoci\u2026<\/p>\n\n\n\n<p>Ostala je vjerna domovini, sevdalinci, bosanskohercegova\u010dkoj tradicionalnoj pjesmi, bo\u0161nja\u010dkoj tradicionalnoj no\u0161nji, kulturno-umjetni\u010dkim dru\u0161tvima, bo\u0161nja\u010dko-muslimanskoj duhovnoj muzici, nematerijalnom kulturno-historijskom naslije\u0111u Bosne i Hercegovine.<\/p>\n\n\n\n<p>Priredio:<br>Mr. Semir Had\u017eimusi\u0107<\/p>\n","protected":false},"excerpt":{"rendered":"<p>Zehra Deovi\u0107 je ro\u0111ena 9. decembra 1938. godine u Fo\u010di, u uglednoj fo\u010danskoj porodici Halima i Abide Deovi\u0107. Tokom Drugog svjetskog rata, kao i mnoge bo\u0161nja\u010dke porodice i Zehrina biva \u017ertva zlo\u010dina\u010dke ruke. Otac Halim biva ubijen, a Zehra kao djevoj\u010dica s majkom, sestrom i bratom boravi u izbjegli\u0161tu u Sarajevu. Godine, 1946. porodica Deovi\u0107 [&hellip;]<\/p>\n","protected":false},"author":59,"featured_media":289,"comment_status":"open","ping_status":"closed","sticky":false,"template":"","format":"standard","meta":{"inline_featured_image":false,"footnotes":""},"categories":[48,46],"tags":[],"class_list":{"0":"post-288","1":"post","2":"type-post","3":"status-publish","4":"format-standard","5":"has-post-thumbnail","7":"category-iz-fontane-muzicke-bastine","8":"category-kultura"},"acf":[],"_links":{"self":[{"href":"https:\/\/tvsensor.com\/api\/wp\/v2\/posts\/288","targetHints":{"allow":["GET"]}}],"collection":[{"href":"https:\/\/tvsensor.com\/api\/wp\/v2\/posts"}],"about":[{"href":"https:\/\/tvsensor.com\/api\/wp\/v2\/types\/post"}],"author":[{"embeddable":true,"href":"https:\/\/tvsensor.com\/api\/wp\/v2\/users\/59"}],"replies":[{"embeddable":true,"href":"https:\/\/tvsensor.com\/api\/wp\/v2\/comments?post=288"}],"version-history":[{"count":1,"href":"https:\/\/tvsensor.com\/api\/wp\/v2\/posts\/288\/revisions"}],"predecessor-version":[{"id":290,"href":"https:\/\/tvsensor.com\/api\/wp\/v2\/posts\/288\/revisions\/290"}],"wp:featuredmedia":[{"embeddable":true,"href":"https:\/\/tvsensor.com\/api\/wp\/v2\/media\/289"}],"wp:attachment":[{"href":"https:\/\/tvsensor.com\/api\/wp\/v2\/media?parent=288"}],"wp:term":[{"taxonomy":"category","embeddable":true,"href":"https:\/\/tvsensor.com\/api\/wp\/v2\/categories?post=288"},{"taxonomy":"post_tag","embeddable":true,"href":"https:\/\/tvsensor.com\/api\/wp\/v2\/tags?post=288"}],"curies":[{"name":"wp","href":"https:\/\/api.w.org\/{rel}","templated":true}]}}