{"id":28710,"date":"2021-05-09T19:58:43","date_gmt":"2021-05-09T18:58:43","guid":{"rendered":"https:\/\/senzor.ba\/?p=28710"},"modified":"2024-01-15T21:37:54","modified_gmt":"2024-01-15T20:37:54","slug":"josep-borrell-tezak-sastanak-s-mnogo-napada-izmedju-tri-clana-predsjednistva-bih","status":"publish","type":"post","link":"https:\/\/tvsensor.com\/clanak\/josep-borrell-tezak-sastanak-s-mnogo-napada-izmedju-tri-clana-predsjednistva-bih\/","title":{"rendered":"Josep Borrell: Te\u017eak sastanak s mnogo napada izme\u0111u tri \u010dlana Predsjedni\u0161tva BiH"},"content":{"rendered":"\n<p>Visoki predstavnik Evropske unije (EU) i potpredsjednik Evropske komisije Josep Borrell napisao je danas blog na temu &#8220;\u010celnici Bosne i Hercegovine moraju nastaviti s reformama&#8221;.<\/p>\n\n\n\n<p>U nastavku vam donosimo u cijelosti&nbsp;<a href=\"https:\/\/eeas.europa.eu\/headquarters\/headquarters-homepage\/98149\/leaders-bosnia-herzegovina-must-deliver-reforms_et\" target=\"_blank\" rel=\"noreferrer noopener\">ono \u0161to je naveo u svome tekstu:<\/a><\/p>\n\n\n\n<p>Uo\u010di sastanka Vije\u0107a za vanjske poslove 10. maja, poslao sam jasnu poruku liderima Bosne i Hercegovine tokom va\u017ene rasprave sa Predsjedni\u0161tvom zemlje: oni moraju prestati koristiti nacionalisti\u010dku retoriku podjela i umjesto toga se fokusirati na brzi napredak o reformama.<\/p>\n\n\n\n<p>Sutra \u0107emo na Vije\u0107u vanjskih poslova EU razgovarati o situaciji na Zapadnom Balkanu. Ova regija, u na\u0161em neposrednom susjedstvu, ima visoki prioritet na dnevnom redu EU: \u017eelimo pratiti ove zemlje u njihovom putu ka budu\u0107em \u010dlanstvu u EU.<\/p>\n\n\n\n<p>Me\u0111utim, Zapadni Balkan trenutno se suo\u010dava sa nekoliko ozbiljnih pote\u0161ko\u0107a, poput suzbijanja pandemije COVID-19, odnosa Beograda i Pri\u0161tine, nedostatka napretka u pristupnim pregovorima Albanije i Republike Sjeverne Makedonije i trenutnih problema u Crnoj Gori. O svim tim pitanjima razgovarat \u0107emo sutra. Me\u0111utim, \u017eelio bih u ovom blogu naglasiti posebno te\u0161ku situaciju u Bosni i Hercegovini.<\/p>\n\n\n\n<p>Prije deset dana imao sam video konferenciju s tri \u010dlana Predsjedni\u0161tva Bosne i Hercegovine, Miloradom Dodikom, \u0160efikom D\u017eaferovi\u0107em i \u017deljkom Kom\u0161i\u0107em. Nadovezuju\u0107i se na svoj intenzivni anga\u017eman posljednjih mjeseci, zatra\u017eio sam ovaj sastanak jer se politi\u010dka atmosfera u Bosni i Hercegovini u posljednje vrijeme znatno pogor\u0161ala.<\/p>\n\n\n\n<p>Svjedo\u010dili smo uznemiruju\u0107oj migrantskoj krizi krajem pro\u0161le godine s vrlo nefunkcionalnim odgovorima vlasti u BiH. Posljednjih sedmica tako\u0111er negativni spin oko teku\u0107ih razgovora o neophodnim izbornim i ustavnim reformama kulminirao je raznim \u2018non-paperima\u2019, u kojima su neki kritizirali EU \/ SAD zbog njihove uloge u pomaganju u tim naporima.<\/p>\n\n\n\n<p>Jedan od njih tako\u0111er je pozvao na prekrajanje granica u regiji i podjelu Bosne i Hercegovine po etni\u010dkim linijama, \u0161to je pogor\u0161alo atmosferu i pokrenulo zagovaranje secesionisti\u010dke agende i zapaljive reakcije.<\/p>\n\n\n\n<p>Stoga sam odlu\u010dio sazvati \u010dlanove Predsjedni\u0161tva. Bio je to te\u017eak sastanak, s mnogo napada i optu\u017ebi izme\u0111u tri \u010dlana Predsjedni\u0161tva BiH. Sa svoje strane sam im poslao sna\u017enu i jasnu poruku.<\/p>\n\n\n\n<p>Prvo, Zapadni Balkan, uklju\u010duju\u0107i Bosnu i Hercegovinu, prioritet su na dnevnom redu EU. Zbog toga sam zakazao raspravu o regiji na narednom Vije\u0107u za vanjske poslove 10. maja. Na\u0161a posve\u0107enost regiji i njenoj perspektivi prema EU ogleda se u nivoima financijske potpore EU bez presedana \u2013 uklju\u010duju\u0107i ubla\u017eavanje utjecaja COVID-19.<\/p>\n\n\n\n<p>Pro\u0161le sedmice, zajedno sa ostalim zemljama Zapadnog Balkana, Bosna i Hercegovina je primila prvu seriju vakcina koje finansira EU iz specifi\u010dnog aran\u017emana koji smo napravili za regiju: 213.822 doze BioNTech \/ Pfizer od ukupno 651.000 za cijelu regiju \u0107e biti dostavljene do kraja augusta. EU cjepiva dolaze bez ikakvih uslova \u2013 mi ih ne prodajemo, ve\u0107 ih doniramo.<\/p>\n\n\n\n<p>Kada smo pro\u0161log novembra u Sarajevu obilje\u017eili 25. godi\u0161njicu Daytonskog mirovnog sporazuma, Predsjedni\u0161tvo BiH se obavezalo da \u0107e poja\u010dati napore kako bi osiguralo da svi gra\u0111ani mogu \u017eivjeti dostojanstveno, uz obostrano priznanje, po\u0161tovanje i razumijevanje. Retorika koja dovodi u pitanje integritet Bosne i Hercegovine ide u suprotnom smjeru i mora se zaustaviti. Govoriti o secesiji, novim granicama, daljim etni\u010dkim podjelama ili ratu je opasno i neprihvatljivo.<\/p>\n\n\n\n<p>Stav EU se nije promijenio i ne\u0107e se promijeniti: podr\u017eavamo teritorijalni integritet i suverenitet Bosne i Hercegovine, a njena budu\u0107nost le\u017ei u EU kao ujedinjena i suverena zemlja. Sna\u017eno poti\u010dem svoje kolege da stanu na kraj svakom kontraproduktivnom diskursu i akcijama.<\/p>\n\n\n\n<p>Kada sam bio u Sarajevu pro\u0161log novembra, imao sam detaljan razgovor s \u010dlanovima Predsjedni\u0161tva BiH. Tada smo o\u010dekivali da \u0107e vlasti Bosne i Hercegovine iskoristiti ovu neizbornu godinu da se odlu\u010dno pomaknu sa Daytona na Brisel, sa zna\u010dajnim napretkom u provedbi 14 klju\u010dnih prioriteta utvr\u0111enih u Mi\u0161ljenju Evropske komisije jo\u0161 u maju 2019. Ve\u0107 je maj 2021 i na\u017ealost do sada je postignut vrlo mali napredak.<\/p>\n\n\n\n<p>Gra\u0111ani BiH i dr\u017eave \u010dlanice EU \u017eele vidjeti ve\u0107i napredak i \u017eele ga vidjeti sada. \u010celnici zemlje trebali bi iskoristiti priliku za predstoje\u0107u raspravu u Vije\u0107u za vanjske poslove u maju i predstoje\u0107e raspravu u Vije\u0107u za stabilizaciju i pridru\u017eivanje EU-BiH kako bi iznijeli pozitivne vijesti. Oni bi trebali do\u0107i pred stol sa konkretnim rezultatima, a ne samo sa obe\u0107anjima, pogotovo kada smo ta obe\u0107anja ve\u0107 \u010duli. Nema vi\u0161e \u0161upljih rije\u010di. Samo akcija i napredak mogu pokrenuti Bosnu i Hercegovinu naprijed na putu pridru\u017eivanja EU i dovesti do statusa kandidata. Nedostatak napretka i nastavak retrogradne retorike i djelovanja imali bi suprotan u\u010dinak.<\/p>\n\n\n\n<p>Klju\u010dna stvar koja mora biti postignuta je ustavna i izborna reforma. Ovo mo\u017ee zvu\u010dati ambiciozno, ali ne postoji na\u010din da se izbjegnu izmjene i dopune Ustava BiH kako bi se udovoljilo standardima EU i provela teku\u0107a presuda Evropskog suda za ljudska prava Sejdi\u0107 i Finci. Bosni i Hercegovini je tako\u0111er potreban izmijenjeni izborni okvir u skladu s preporukama OSCE-a i GRECO-a. Znam da su ove reforme te\u0161ke i da se doti\u010du vrlo osjetljivih pitanja: potreban nam je konstruktivan anga\u017eman svih lidera iz politi\u010dkog spektra i civilnog dru\u0161tva da bismo uspjeli.<\/p>\n\n\n\n<p>Ja\u010danje vladavine zakona tako\u0111e ostaje neophodno. Sasvim je mogu\u0107e finalizirati usvajanje zakona o javnim nabavkama, zakona o sukobu interesa i izmjena zakona o Visokom sudskom i tuzila\u010dkom vije\u0107u u narednim mjesecima u skladu sa zahtjevima EU. Sve drugo samo bi signaliziralo opstrukciju reformi potrebnih na evropskom putu.<\/p>\n\n\n\n<p>Kona\u010dno, uloga EU, zajedno sa Sjedinjenim Dr\u017eavama, je da olak\u0161a pregovore i osigura da prijedlozi na stolu budu uskla\u0111eni sa standardima EU. Poku\u0161aji la\u017enog predstavljanja uloge i namjere EU i na\u0161ih me\u0111unarodnih partnera u Bosni i Hercegovini su neprihvatljivi. Moj specijalni predstavnik, koji je ujedno i predstavnik EU u BiH, ambasador Johann Sattler i njegovo osoblje, imaju moje puno povjerenje i podr\u0161ku.<\/p>\n\n\n\n<p>Posljednjih mjeseci ulo\u017eio sam vrijeme i energiju da podr\u017eim Bosnu i Hercegovinu na putu reformi i pristupanja EU. Vlasti BiH sada trebaju pokazati dr\u017eavama \u010dlanicama EU da mogu ispuniti ovaj va\u017ean plan.<\/p>\n\n\n\n<p>N1<\/p>\n","protected":false},"excerpt":{"rendered":"<p>Visoki predstavnik Evropske unije (EU) i potpredsjednik Evropske komisije Josep Borrell napisao je danas blog na temu &#8220;\u010celnici Bosne i Hercegovine moraju nastaviti s reformama&#8221;. U nastavku vam donosimo u cijelosti&nbsp;ono \u0161to je naveo u svome tekstu: Uo\u010di sastanka Vije\u0107a za vanjske poslove 10. maja, poslao sam jasnu poruku liderima Bosne i Hercegovine tokom va\u017ene [&hellip;]<\/p>\n","protected":false},"author":7,"featured_media":28711,"comment_status":"open","ping_status":"closed","sticky":false,"template":"","format":"standard","meta":{"inline_featured_image":false,"footnotes":""},"categories":[376,234],"tags":[],"class_list":{"0":"post-28710","1":"post","2":"type-post","3":"status-publish","4":"format-standard","5":"has-post-thumbnail","7":"category-featured","8":"category-politika"},"acf":[],"_links":{"self":[{"href":"https:\/\/tvsensor.com\/api\/wp\/v2\/posts\/28710","targetHints":{"allow":["GET"]}}],"collection":[{"href":"https:\/\/tvsensor.com\/api\/wp\/v2\/posts"}],"about":[{"href":"https:\/\/tvsensor.com\/api\/wp\/v2\/types\/post"}],"author":[{"embeddable":true,"href":"https:\/\/tvsensor.com\/api\/wp\/v2\/users\/7"}],"replies":[{"embeddable":true,"href":"https:\/\/tvsensor.com\/api\/wp\/v2\/comments?post=28710"}],"version-history":[{"count":1,"href":"https:\/\/tvsensor.com\/api\/wp\/v2\/posts\/28710\/revisions"}],"predecessor-version":[{"id":28712,"href":"https:\/\/tvsensor.com\/api\/wp\/v2\/posts\/28710\/revisions\/28712"}],"wp:featuredmedia":[{"embeddable":true,"href":"https:\/\/tvsensor.com\/api\/wp\/v2\/media\/28711"}],"wp:attachment":[{"href":"https:\/\/tvsensor.com\/api\/wp\/v2\/media?parent=28710"}],"wp:term":[{"taxonomy":"category","embeddable":true,"href":"https:\/\/tvsensor.com\/api\/wp\/v2\/categories?post=28710"},{"taxonomy":"post_tag","embeddable":true,"href":"https:\/\/tvsensor.com\/api\/wp\/v2\/tags?post=28710"}],"curies":[{"name":"wp","href":"https:\/\/api.w.org\/{rel}","templated":true}]}}