{"id":28700,"date":"2021-05-09T18:02:22","date_gmt":"2021-05-09T17:02:22","guid":{"rendered":"https:\/\/senzor.ba\/?p=28700"},"modified":"2024-01-15T21:37:54","modified_gmt":"2024-01-15T20:37:54","slug":"zenska-kosarkaska-reprezentacija-bih-pocela-pripreme-za-ep-nakon-22-godine","status":"publish","type":"post","link":"https:\/\/tvsensor.com\/clanak\/zenska-kosarkaska-reprezentacija-bih-pocela-pripreme-za-ep-nakon-22-godine\/","title":{"rendered":"\u017denska ko\u0161arka\u0161ka reprezentacija BiH po\u010dela pripreme za EP nakon 22 godine"},"content":{"rendered":"\n<p>Dana\u0161njim okupljanjem igra\u010dica i \u010dlanova stru\u010dnog \u0161taba na Ilid\u017ei, zapo\u010dele su pripreme \u017eenske ko\u0161arka\u0161ke reprezentacije Bosne i Hercegovine za nastup na predstoje\u0107em Evropskom prvenstvu u \u0160paniji i Francuskoj, koje se odr\u017eava od 17. do 27. juna.<\/p>\n\n\n\n<p>Amer \u010colan, generalni sekretar Ko\u0161arka\u0161kog saveza BiH na dana\u0161njoj konferenciji za novinare rekao je da im sutra slijede ljekarski pregledi i antigensko testiranje nakon \u010dega \u201dzmajice\u201d odlaze na Vla\u0161i\u0107, gdje \u0107e trenirati narednih 12 dana.<\/p>\n\n\n\n<p>\u201cPoslije Vla\u0161i\u0107a odlazimo u Fojnicu gdje \u0107emo se zadr\u017eati oko pet dana prije utakmice, prve zvani\u010dne prijateljske pripremne koja \u0107e biti u Pore\u010du protiv reprezentacije Hrvatske. Poslije toga slijedi povratak u Mostar gdje nastavljamo petodnevne pripreme pred odlazak u Podgoricu i utakmicu sa reprezentacijom Crne gore. Nakon toga vra\u0107amo se Tuzlu, tu zavr\u0161avamo na\u0161e pripreme gdje 14. juna odlazimo za Beograd i odatle u Francusku\u201d, kazao je \u010colan.<\/p>\n\n\n\n<p>Istakao je da je zatvorena finansijska konstrukcija za pripreme, da su Fojnica, Mostar i Tuzla pokrili tro\u0161kove za vrijeme boravka u ovim gradovima, a da se nada da \u0107e tro\u0161kove odlaska u Francusku pokriti u narednih desetak dana.<\/p>\n\n\n\n<p>\u201cKlju\u010dno je da se igra\u010dice dobro fizi\u010dki spreme, da budu sve zdrave, da ne bude nikakvih povreda da bi plan tekao kako se zamislilo i da bi na Evropskom prvenstvu bile u punoj formi\u201d, izjavila je tim-menad\u017eer \u017eenske reprezentacije Razija Mujanovi\u0107.<\/p>\n\n\n\n<p>Naglasila je da u ekipi postoji dobra atmosfera i da svi \u017eele uspjeh i rezultat.<\/p>\n\n\n\n<p>Selektor Goran Lojo rekao je da \u0107e sutra biti kompletirana ekipa, odnosno da \u0107e sti\u0107i sve igra\u010dice osim Jonquel Jones koja \u0107e se zbog klupskih obaveza dr\u017eavnom timu BiH pridru\u017eiti 6. juna. Rekao je da su zakazane \u010detiri prijateljske utakmice sa reprezentacijama Hrvatske i Crne Gore, a da \u0107e poku\u0161ati organizovati i jo\u0161 jednu utakmicu pred odlazak u Francusku.<\/p>\n\n\n\n<p>\u201cIzuzetna je \u010dast i zadovoljstvo biti kapiten reprezentacije BiH. Napravili smo veliki uspjeh plasmanom na EP nakon 22 godine. Svakako da nam to daje i zadatak da kada do\u0111emo na EP u Francusku da se poka\u017eemo u \u0161to boljem svjetlu i da predstavimo BiH i sve na\u0161e navija\u010de onako kako to i zaslu\u017euju\u201d, izjavila je kapiten Milica Deura i dodala:<\/p>\n\n\n\n<p>\u201cO\u010dekuje nas izuzetno veliko takmi\u010denje\u201d.<\/p>\n\n\n\n<p>Istakla je da o\u010dekuje odr\u017eavanje pozitivne atmosfere i da na EP-u zasjaju u punom sjaju.<\/p>\n\n\n\n<p>Anadolija<\/p>\n","protected":false},"excerpt":{"rendered":"<p>Dana\u0161njim okupljanjem igra\u010dica i \u010dlanova stru\u010dnog \u0161taba na Ilid\u017ei, zapo\u010dele su pripreme \u017eenske ko\u0161arka\u0161ke reprezentacije Bosne i Hercegovine za nastup na predstoje\u0107em Evropskom prvenstvu u \u0160paniji i Francuskoj, koje se odr\u017eava od 17. do 27. juna. Amer \u010colan, generalni sekretar Ko\u0161arka\u0161kog saveza BiH na dana\u0161njoj konferenciji za novinare rekao je da im sutra slijede ljekarski [&hellip;]<\/p>\n","protected":false},"author":7,"featured_media":28701,"comment_status":"open","ping_status":"closed","sticky":false,"template":"","format":"standard","meta":{"inline_featured_image":false,"footnotes":""},"categories":[376,63,61],"tags":[],"class_list":{"0":"post-28700","1":"post","2":"type-post","3":"status-publish","4":"format-standard","5":"has-post-thumbnail","7":"category-featured","8":"category-kosarka","9":"category-sport"},"acf":[],"_links":{"self":[{"href":"https:\/\/tvsensor.com\/api\/wp\/v2\/posts\/28700","targetHints":{"allow":["GET"]}}],"collection":[{"href":"https:\/\/tvsensor.com\/api\/wp\/v2\/posts"}],"about":[{"href":"https:\/\/tvsensor.com\/api\/wp\/v2\/types\/post"}],"author":[{"embeddable":true,"href":"https:\/\/tvsensor.com\/api\/wp\/v2\/users\/7"}],"replies":[{"embeddable":true,"href":"https:\/\/tvsensor.com\/api\/wp\/v2\/comments?post=28700"}],"version-history":[{"count":1,"href":"https:\/\/tvsensor.com\/api\/wp\/v2\/posts\/28700\/revisions"}],"predecessor-version":[{"id":28702,"href":"https:\/\/tvsensor.com\/api\/wp\/v2\/posts\/28700\/revisions\/28702"}],"wp:featuredmedia":[{"embeddable":true,"href":"https:\/\/tvsensor.com\/api\/wp\/v2\/media\/28701"}],"wp:attachment":[{"href":"https:\/\/tvsensor.com\/api\/wp\/v2\/media?parent=28700"}],"wp:term":[{"taxonomy":"category","embeddable":true,"href":"https:\/\/tvsensor.com\/api\/wp\/v2\/categories?post=28700"},{"taxonomy":"post_tag","embeddable":true,"href":"https:\/\/tvsensor.com\/api\/wp\/v2\/tags?post=28700"}],"curies":[{"name":"wp","href":"https:\/\/api.w.org\/{rel}","templated":true}]}}