{"id":28684,"date":"2021-05-09T05:32:04","date_gmt":"2021-05-09T04:32:04","guid":{"rendered":"https:\/\/senzor.ba\/?p=28684"},"modified":"2024-01-15T21:37:54","modified_gmt":"2024-01-15T20:37:54","slug":"erdogan-napadi-na-muslimane-qudsa-su-napadi-na-sve-nas-muslimane-mekke-istanbula-kaira-bakua-sarajeva","status":"publish","type":"post","link":"https:\/\/tvsensor.com\/clanak\/erdogan-napadi-na-muslimane-qudsa-su-napadi-na-sve-nas-muslimane-mekke-istanbula-kaira-bakua-sarajeva\/","title":{"rendered":"Erdogan: Napadi na muslimane Qudsa su napadi na sve nas, muslimane Mekke, Istanbula, Kaira, Bakua, Sarajeva"},"content":{"rendered":"\n<p>Svijet koji ne mo\u017ee za\u0161titi Al-Quds i muslimane zna\u010di svijet koji je ve\u0107 povukao osigura\u010d bombe za samouni\u0161tenje, rekao je turski predsjednik Recep Tayyip Erdogan<br><\/p>\n\n\n\n<p><strong>Istanbul<\/strong><\/p>\n\n\n\n<p>Predsjednik Turske Recep Tayyip Erdogan pozvao je ve\u010deras cijeli svijet, da se zajedno sa islamskim zemljama efikasno suprotstave Izraelu i njegovim napadima na d\u017eamiju Al-Aksu, grad Al-Quds (Jerusalem) i sve domove Palestinaca, javlja Anadolu Agency (AA).<\/p>\n\n\n\n<p>&#8220;Svijet koji ne mo\u017ee za\u0161titi Al-Quds i muslimane zna\u010di svijet koji je ve\u0107 povukao osigura\u010d bombe za samouni\u0161tenje&#8221;, rekao je turski predsjednik nakon iftara koji je u Istanbulu organizovao za majke iz Diyarbakira, koje protestuju zahtijevaju\u0107i da im se vrate djeca koja su na silu ili prevaru odvedena u redove teroristi\u010dke organizacije PKK-a.<\/p>\n\n\n\n<p>Erdogan je podsjetio na divlja\u010dke izraelske napade na Palestince u blagoslovljenom mjesecu ramazanu.<\/p>\n\n\n\n<p>&#8220;Nasilni\u010dka dr\u017eava Izrael, teroristi\u010dka dr\u017eava Izrael divlja\u010dki i bez imalo savjesti napada muslimane u Al-Qudsu koji imaju za cilj samo sa\u010duvati svoje hiljadugodi\u0161nje domove, svoju zemlju&#8221;, rekao je Erdogan i nastavio:<\/p>\n\n\n\n<p>&#8220;Pozivam cijeli svijet, na \u010delu s islamskim zemljama na efektivno suprotstavljanje Izraelu naspram njihovih napada na d\u017eamiju Al-Aksa, grad Al-Quds i sve domove Palestinaca&#8221;.<\/p>\n\n\n\n<p>Erdogan je dodao da je du\u017enost svakoga ko se naziva \u010dovjekom da se suprotstavi bespravnim, nehumanim i prljavim izraelskim napadima koji prljaju Al-Quds, grad koji objedinjuje svete vrijednosti triju vjera.<\/p>\n\n\n\n<p>&#8220;Svi koji se jasno ne usprotive napadima Izraela, indirektni su sau\u010desnici nasilja koje se tamo sprovodi&#8221;, rekao je Erdogan.<\/p>\n\n\n\n<p>Erdogan je podsjetio da je za\u0161tia Al-Qudsa i Al-Akse du\u017enost svakog muslimana.<\/p>\n\n\n\n<p>&#8220;Napad na bogomolje u Al-Qudsu, na \u010delu s Al-Aksom, napad je na nas. To je napad na muslimane u Al-Qudsu, ali i na muslimane koji obilaze Kabu u Mekki, to je napad na muslimane koji su u blizini poslanika Muhammeda a.s. u Medini. To je napad na muslimane u Diyarbakiru, Istanbulu, Kairu, Islamabadu, Jakarti, Kuala Lumpuru, Bakuu, u Sarajevu&#8221;, poru\u010dio je Erdogan.<\/p>\n\n\n\n<p>Predsjednik Turske je poru\u010dio svim zemljama s muslimanskim stanovni\u0161tvom da je &#8220;vrijeme da budemo jedno, da budemo jedinstveni&#8221;.<\/p>\n\n\n\n<p>Elif K\u00fc\u00e7\u00fck,Kaan Bozdo\u011fan,Berk \u00d6zkan, (Anadolu Agency)<\/p>\n","protected":false},"excerpt":{"rendered":"<p>Svijet koji ne mo\u017ee za\u0161titi Al-Quds i muslimane zna\u010di svijet koji je ve\u0107 povukao osigura\u010d bombe za samouni\u0161tenje, rekao je turski predsjednik Recep Tayyip Erdogan Istanbul Predsjednik Turske Recep Tayyip Erdogan pozvao je ve\u010deras cijeli svijet, da se zajedno sa islamskim zemljama efikasno suprotstave Izraelu i njegovim napadima na d\u017eamiju Al-Aksu, grad Al-Quds (Jerusalem) i [&hellip;]<\/p>\n","protected":false},"author":59,"featured_media":28685,"comment_status":"closed","ping_status":"closed","sticky":false,"template":"","format":"standard","meta":{"inline_featured_image":false,"footnotes":""},"categories":[234,41],"tags":[],"class_list":{"0":"post-28684","1":"post","2":"type-post","3":"status-publish","4":"format-standard","5":"has-post-thumbnail","7":"category-politika","8":"category-svijet"},"acf":[],"_links":{"self":[{"href":"https:\/\/tvsensor.com\/api\/wp\/v2\/posts\/28684","targetHints":{"allow":["GET"]}}],"collection":[{"href":"https:\/\/tvsensor.com\/api\/wp\/v2\/posts"}],"about":[{"href":"https:\/\/tvsensor.com\/api\/wp\/v2\/types\/post"}],"author":[{"embeddable":true,"href":"https:\/\/tvsensor.com\/api\/wp\/v2\/users\/59"}],"replies":[{"embeddable":true,"href":"https:\/\/tvsensor.com\/api\/wp\/v2\/comments?post=28684"}],"version-history":[{"count":2,"href":"https:\/\/tvsensor.com\/api\/wp\/v2\/posts\/28684\/revisions"}],"predecessor-version":[{"id":28687,"href":"https:\/\/tvsensor.com\/api\/wp\/v2\/posts\/28684\/revisions\/28687"}],"wp:featuredmedia":[{"embeddable":true,"href":"https:\/\/tvsensor.com\/api\/wp\/v2\/media\/28685"}],"wp:attachment":[{"href":"https:\/\/tvsensor.com\/api\/wp\/v2\/media?parent=28684"}],"wp:term":[{"taxonomy":"category","embeddable":true,"href":"https:\/\/tvsensor.com\/api\/wp\/v2\/categories?post=28684"},{"taxonomy":"post_tag","embeddable":true,"href":"https:\/\/tvsensor.com\/api\/wp\/v2\/tags?post=28684"}],"curies":[{"name":"wp","href":"https:\/\/api.w.org\/{rel}","templated":true}]}}