{"id":28650,"date":"2021-05-08T23:32:51","date_gmt":"2021-05-08T22:32:51","guid":{"rendered":"https:\/\/senzor.ba\/?p=28650"},"modified":"2024-01-15T21:37:55","modified_gmt":"2024-01-15T20:37:55","slug":"reisu-l-ulema-noc-kadra-je-noc-spasa-za-sve-nas","status":"publish","type":"post","link":"https:\/\/tvsensor.com\/clanak\/reisu-l-ulema-noc-kadra-je-noc-spasa-za-sve-nas\/","title":{"rendered":"Reisu-l-ulema: No\u0107 Kadra je no\u0107 spasa za sve nas"},"content":{"rendered":"\n<p id=\"E70\">U Gazi Husrev-begovoj d\u017eamiji u Sarajevu ve\u010deras je prije teravih namaza odr\u017eana centralna sve\u010danost Rijaseta Islamske zajednice (IZ) u Bosni i Hercegovini povodom mubarek no\u0107i Lejletu-l-kadr.<\/p>\n\n\n\n<p id=\"E72\">Kadersku dovu prou\u010dio je prvi imam Gazi Husrev-begove d\u017eamije, hfz.dr. Mensur ef. Malki\u0107, dok je Kadersku poruku vjernicima uputio reisu-l-ulema Islamske zajednice Husen ef. Kavazovi\u0107.<\/p>\n\n\n\n<p id=\"E74\">&#8211; U no\u0107i smo koja je bolja od hiljadu mjeseci. Ovo je blagoslovljeno vrijeme u na\u0161im \u017eivotima, za koje je Muhammed, a.s., rekao da \u0107e biti nesretan ko ga propusti. Ramazan je blagoslovljeno vrijeme koje nije mogu\u0107e nadoknaditi nikakvim drugim vremenom. Lejletu-l-kadr je no\u0107 puna fadileta. O njenoj va\u017enosti nas je obavijestio sam Gospodar svjetova. U Kur'ani kerimu je rekao kakva je to no\u0107 i zbog \u010dega je bolja od hiljadu mjeseci. No, Njegovim hikmetom ona nam je ostala skrivena, kao \u0161to je skriven i po\u010detak \u017eivota i trenutak smrti &#8211; kazao je reisu-l-ulema.<\/p>\n\n\n\n<p id=\"E78\">Podsjetio je da Allah d\u017e.\u0161. svoju posljednju rije\u010d ljudima objavio u ramazanu, a prvu objavu Muhammedu a.s. u no\u0107i Lejletu-l-kadr.<\/p>\n\n\n\n<p id=\"E80\">&#8211; On ju je otkrio svom Poslaniku, a.s., a on nas podu\u010dio da je tra\u017eimo u neparnim no\u0107ima zadnje tre\u0107ine ramazana. Ta tre\u0107ina ramazana je posebno blagoslovljeno vrijeme za ljudski rod. Na\u0161i \u010destiti imami, a me\u0111u njima i Ebu Hanife, r.a., smatraju da je Lejletu-l-kadr dvadeset i sedme no\u0107i ramazana. Mnogo je razloga zbog kojih je njeno ta\u010dno vrijeme sakriveno, a na\u0161a ulema smatra da su to isti razlozi zbog kojih je Allah od nas sakrio i Svoje najuzvi\u0161enije ime me\u0111u 99 Svojih lijepih imena, (el-esmau-l-husna), kako bismo za njim tragali i \u0161to \u010de\u0161\u0107e ga u zikru spominjali. Iste razloge oni spominju i kada je u pitanju srednji namaz (es-salatu-l-vusta), za koji ve\u0107ina uleme smatra da se radi o ikindiji namazu. Ili, vrijeme u kome Allah, d\u017e.\u0161., prima dovu tokom d\u017eume namaza je vrijeme u kojem se hatib nalazi izme\u0111u mimbera i mihraba. Ove tajne je Uzvi\u0161eni Allah zadr\u017eao za Sebe, a nama je ukazao na njihovu va\u017enost za na\u0161e vjerovanje i na\u0161 duhovni rast &#8211; pojasnio je reisu-l-ulema.&nbsp;<\/p>\n\n\n\n<p id=\"E86\">Prisutnim vjernicima govorio je i o postepenosti objave Kur'ana, poru\u010duju\u0107i da je Allahov govor istina i da, kada se u\u010di, muslimani imaju obavezu da ga slu\u0161aju i da \u0161ute, kako bi bili obasuti milo\u0161\u0107u.<\/p>\n\n\n\n<p id=\"E88\">&#8211; Allah nam govori i da je ovo no\u0107 u kojoj na Zemlju silaze meleki. Mufessiri smatraju da te meleke On posebno stvara za ovu priliku i \u0161alje ih na Zemlju samo u ovoj no\u0107i. Me\u0111u njima je i onaj koji je kod Allaha na najvi\u0161em melekskom stepenu: Ruhu-l-emin. Njegovo prisustvo trebamo razumjeti kao po\u010dast koju Uzvi\u0161eni daje ljudima &#8211; dodao je reisu-l-ulema.<\/p>\n\n\n\n<p id=\"E90\">Allahov Poslanik a.s. nas je obavijestio da je ovo no\u0107 oprosta grijeha i no\u0107 nade i za one koji su prema sebi pogrije\u0161ili, te podu\u010dio dovi kojom Allah bri\u0161e sve grijehe: \u201eGospodaru moj, Ti si Onaj koji pra\u0161ta, Ti voli\u0161 da pra\u0161ta\u0161. Pa i meni (siromahu) oprosti.\u201c<\/p>\n\n\n\n<p id=\"E92\">&#8211; Ovo je blagoslovljena i spasonosna no\u0107 za svakog od nas. Ona je dar od Allaha, a nakon na\u0161ih dana i no\u0107i provedenih u postu i namazu. U njoj je poziv da se vratimo Allahu i &nbsp;<\/p>\n\n\n\n<p>da se pokorimo Njegovoj rije\u010di, koju nam je objavio u ovoj no\u0107i. Slijedimo ono najbolje i najljep\u0161e za \u0161to znamo! Nemojmo zamijeniti ove dane i no\u0107i nade za dane i no\u0107i kajanja, pa da propadnemo i zakukamo kao \u0161to u Kur'anu stoji: \u201eTe\u0161ko nama, kako smo samo drski prema Allahu bili; \u010dak smo se i izrugivali.\u201c Zamolimo Ga da nas sa\u010duva od vlastita nemara i oholosti. Neka u nas usadi snagu i volju za dobrim, za \u010dvrstinu i stamenost kojom \u0107emo se oduprijeti isku\u0161enjima lo\u0161eg i zlog koji na nas vrebaju &#8211; poru\u010dio je reisu-l-ulema.<\/p>\n\n\n\n<p id=\"E98\">Na kraju je prou\u010dio i dovu, u kojoj je, izme\u0111u ostalog, molio Gospodara svih za snagu da s lahko\u0107om nosimo bol, tugu i radost \u017eivota, da ljubavlju razoru\u017eamo du\u0161mane, da nikad ne ucvilimo slabog, niti da pokleknemo pod mo\u0107nikom silnim, te da duh izdignemo iznad niskosti zemaljskih.<\/p>\n\n\n\n<p id=\"E100\">Tokom ve\u010dera\u0161njeg prigodnog programa kur'anske ajete i ilahije su izveli vrsni u\u010da\u010di Kur'ana i interpretatori duhovne muzike.<\/p>\n","protected":false},"excerpt":{"rendered":"<p>U Gazi Husrev-begovoj d\u017eamiji u Sarajevu ve\u010deras je prije teravih namaza odr\u017eana centralna sve\u010danost Rijaseta Islamske zajednice (IZ) u Bosni i Hercegovini povodom mubarek no\u0107i Lejletu-l-kadr. Kadersku dovu prou\u010dio je prvi imam Gazi Husrev-begove d\u017eamije, hfz.dr. Mensur ef. Malki\u0107, dok je Kadersku poruku vjernicima uputio reisu-l-ulema Islamske zajednice Husen ef. Kavazovi\u0107. &#8211; U no\u0107i smo [&hellip;]<\/p>\n","protected":false},"author":59,"featured_media":28651,"comment_status":"closed","ping_status":"closed","sticky":false,"template":"","format":"standard","meta":{"inline_featured_image":false,"footnotes":""},"categories":[57],"tags":[],"class_list":{"0":"post-28650","1":"post","2":"type-post","3":"status-publish","4":"format-standard","5":"has-post-thumbnail","7":"category-religija"},"acf":[],"_links":{"self":[{"href":"https:\/\/tvsensor.com\/api\/wp\/v2\/posts\/28650","targetHints":{"allow":["GET"]}}],"collection":[{"href":"https:\/\/tvsensor.com\/api\/wp\/v2\/posts"}],"about":[{"href":"https:\/\/tvsensor.com\/api\/wp\/v2\/types\/post"}],"author":[{"embeddable":true,"href":"https:\/\/tvsensor.com\/api\/wp\/v2\/users\/59"}],"replies":[{"embeddable":true,"href":"https:\/\/tvsensor.com\/api\/wp\/v2\/comments?post=28650"}],"version-history":[{"count":1,"href":"https:\/\/tvsensor.com\/api\/wp\/v2\/posts\/28650\/revisions"}],"predecessor-version":[{"id":28652,"href":"https:\/\/tvsensor.com\/api\/wp\/v2\/posts\/28650\/revisions\/28652"}],"wp:featuredmedia":[{"embeddable":true,"href":"https:\/\/tvsensor.com\/api\/wp\/v2\/media\/28651"}],"wp:attachment":[{"href":"https:\/\/tvsensor.com\/api\/wp\/v2\/media?parent=28650"}],"wp:term":[{"taxonomy":"category","embeddable":true,"href":"https:\/\/tvsensor.com\/api\/wp\/v2\/categories?post=28650"},{"taxonomy":"post_tag","embeddable":true,"href":"https:\/\/tvsensor.com\/api\/wp\/v2\/tags?post=28650"}],"curies":[{"name":"wp","href":"https:\/\/api.w.org\/{rel}","templated":true}]}}