{"id":28635,"date":"2021-05-08T23:26:12","date_gmt":"2021-05-08T22:26:12","guid":{"rendered":"https:\/\/senzor.ba\/?p=28635"},"modified":"2024-01-15T21:37:55","modified_gmt":"2024-01-15T20:37:55","slug":"nijemci-ne-priznaju-konstitutivne-nego-konstituentne-narode-u-bih","status":"publish","type":"post","link":"https:\/\/tvsensor.com\/clanak\/nijemci-ne-priznaju-konstitutivne-nego-konstituentne-narode-u-bih\/","title":{"rendered":"Nijemci ne priznaju konstitutivne nego konstituentne narode u BiH"},"content":{"rendered":"\r\n<p>\u010clanak portala <a href=\"https:\/\/raport.ba\/\" target=\"_blank\" rel=\"noreferrer noopener\">raport.ba<\/a> od 06.05.2021,\u00a0pod nazivom \u201e<em>\u0160amar iz Vlade Njema\u010dke za Dragana \u010covi\u0107a: Nismo za legitimno predstavljanje\u201c <\/em>obradovao je sve gra\u0111ane Bosne i Hercegovine koji su za multietni\u010dku, pravnu dr\u017eavu.<\/p>\r\n\r\n\r\n\r\n<p>\u010covi\u0107evi \u201emokri snovi\u201c o mijenjanju izbornog zakona i \u017eelja za uvo\u0111enje\u00a0 principa \u201a&#8221;legitimnog politi\u010dkog predstavljanja\u201c definitivno su dobili negativan feedback od strane njema\u010dke vlade.<\/p>\r\n\r\n\r\n\r\n<p>Svako ko je imalo upu\u0107en kako funkcioni\u0161u pravne dr\u017eave u kojima je vladavina prava sveto slovo, nisu mogli ni pomisliti da \u0107e \u010covi\u0107 i njegove antidemokratske te\u017enje dobiti podr\u0161ku za tako nakaradan zakon koji se ne primjenjuje niti u jednoj drugoj demokratiji.\u00a0<\/p>\r\n\r\n\r\n\r\n<p>Podsjetimo se na Osnovna na\u010dela usagla\u0161ena u \u017denevi 8. 9. 1995. godine i u Njujorku 26. 9. 1995. godine, Bo\u0161njaci, Hrvati i Srbi, kao konstituentni narodi (u zajednici s Ostalima), i gra\u0111ani Bosne i Hercegovine ovim utvr\u0111uju Ustav Bosne i Hercegovine.<\/p>\r\n\r\n\r\n\r\n<p>Odgovor njema\u010dke vlade \u010covicu je veoma dobro opisao portal <a href=\"https:\/\/raport.ba\/\" target=\"_blank\" rel=\"noreferrer noopener\">raport.ba<\/a> sa jednom kobnom gre\u0161kom u prevodu. Ta \u201egre\u0161ka\u201c sa veoma zlobnim namjerama kod nas se provla\u010di \u010dak od potpisivanja Dejtonskog sporazuma. U svim spisima i medijskim nastupima gotovo na svim stranama govori se o konstituivnim narodima \u0161to je potpuno pogre\u0161no i daje cijeloj stvari iskrivljeno zna\u010denje.\u00a0<\/p>\r\n\r\n\r\n\r\n<p>U Dejtonskom sporazumu se jasno govori o konstituentnim narodima \u0161to cijelom zna\u010denju daje potpuno drugu dimenziju.\u00a0<\/p>\r\n\r\n\r\n\r\n<p>O tome je vi\u0161e puta na javnim nastupima i debatama opominjao uva\u017eeni akademik, prof. dr. Suad Kurt\u010dehaji\u0107 i tim povodom jasno rekao sljede\u0107e:<\/p>\r\n\r\n\r\n\r\n<figure class=\"wp-block-embed is-type-video is-provider-youtube wp-block-embed-youtube wp-embed-aspect-16-9 wp-has-aspect-ratio\">\r\n<div class=\"wp-block-embed__wrapper\">https:\/\/youtu.be\/WsvuezxEotQ?t=546<\/div>\r\n<\/figure>\r\n\r\n\r\n\r\n<p>\u201cRadi se o podvali u prevodu. U engleskom jeziku se koristi termin konstituent \u0161to zna\u010di dio cjeline. To je ozbiljna stvar. Zna\u010di da su ova 3 naroda jednakopravna sa ostalim narodima i gra\u0111anima BiH. Bosnu niko nije konstituirao. Bosna je iznjedrila postoje\u0107e narode.&#8221;<\/p>\r\n\r\n\r\n\r\n<p><br \/>Ovoga se dotakao jo\u0161 jedan uva\u017eeni akademik i to Abdulah Sidran.<\/p>\r\n\r\n\r\n\r\n<figure class=\"wp-block-embed is-type-video is-provider-youtube wp-block-embed-youtube wp-embed-aspect-16-9 wp-has-aspect-ratio\">\r\n<div class=\"wp-block-embed__wrapper\">https:\/\/youtu.be\/a_uj1GUgMW0?t=2491<\/div>\r\n<\/figure>\r\n\r\n\r\n\r\n<p><br \/>Ovome mislim da do sada niko nije pridavao veliku va\u017enost, kao da nijednu stranu tih konstituenata nije puno interesovala ta razlika. Ta ogromna gre\u0161ka je u mnogome doprinjela raznim tu\u017ebama od strane pripadnika naroda iz \u201eostalih\u201c koji se zbog ovog pogre\u0161nog prevoda nalaze u diskriminiraju\u0107em polo\u017eaju.<\/p>\r\n\r\n\r\n\r\n<p>Ono \u0161to sam primjetio u tekstu odgovora njema\u010dke vlade njema\u010dkom parlamentarcu je da su Nijemci \u201edijete nazvali pravim imenom\u201c. U tom pismu jasno pi\u0161e <strong><em>\u201ekonstituirenden V\u00f6lker\u201c<\/em><\/strong> sto u prevodu zna\u010di <strong><em>\u201ekonstituentni narodi\u201c.<\/em><\/strong><\/p>\r\n\r\n\r\n\r\n<p><a href=\"https:\/\/raport.ba\/\" target=\"_blank\" rel=\"noreferrer noopener\">raport.ba<\/a> je to sasvim pogre\u0161no preveo kao \u201ekonstitutivni narodi\u201c i na takav na\u010din se i dalje narodima BiH predstavlja sasvim pogre\u0161na slika. U sljede\u0107em prilogu pogledajte ta\u010dan prevod sa njema\u010dkog jezika.<\/p>\r\n\r\n\r\n\r\n<p><em><strong>Njema\u010dki: KONSTITUENTE<\/strong><\/em><\/p>\r\n\r\n\r\n\r\n<p>Der Ausdruck Konstituente (von lateinisch constituens, Partizip I von constituere \u201eaufstellen, einsetzen\u201c) bezeichnet allgemein eine Einheit, die \u201eTeil einer gr\u00f6\u00dferen, komplexeren Einheit ist\u201c. In der Sprachwissenschaft werden damit Teile einer gr\u00f6\u00dferen sprachlichen Einheit bezeichnet.<\/p>\r\n\r\n\r\n\r\n<p><em><strong>Bosanski: Konstituentan<\/strong><\/em><\/p>\r\n\r\n\r\n\r\n<p>Pojam Konstituentni (od latinskog constituens, particip I od constituere \u201epostaviti, umetnuti\u201c) op\u0107enito ozna\u010dava jedinicu koja je \u201edio ve\u0107e, slo\u017eenije jedinice\u201c. U lingvistici se odnosi na dijelove ve\u0107e jezi\u010dke jedinice.<\/p>\r\n\r\n\r\n\r\n<p><em><strong>Njema\u010dki: KONSTITUTIVE<\/strong><\/em><\/p>\r\n\r\n\r\n\r\n<p>Das Adjektiv konstitutiv (aus lateinisch constitutus, \u201egrundlegend\u201c, \u201etragend\u201c, \u201ebegr\u00fcndend\u201c) beschreibt allgemein eine Voraussetzung, eine Eigenschaft oder ein Merkmal, welche f\u00fcr die Definition, das Erscheinungsbild oder den Erfolg einer Person oder einer Sache ma\u00dfgeblich sind und deshalb nicht fortgelassen werden kann.<\/p>\r\n\r\n\r\n\r\n<p><em><strong>Bosanski: KONSTITUTIVNI<\/strong><\/em><\/p>\r\n\r\n\r\n\r\n<p>Pridjev konstitutivni (od latinskog constitutus, \u201etemeljni\u201c, \u201epodr\u017eavaju\u0107i\u201c, \u201eopravdavaju\u0107i\u201c) op\u0107enito opisuje preduvjet, svojstvo ili svojstvo koje je odlu\u010duju\u0107e za definiciju, izgled ili uspjeh osobe ili stvari i stoga se ne mo\u017ee izostaviti.<\/p>\r\n\r\n\r\n\r\n<p>Iz navedenog se mo\u017ee vidjeti da BiH nema privilegirane narode nego nakaradne zakone koji su nastali iz tog razloga \u0161to se ovom problemu nikad ozbiljno nije pristupilo i zbog kojeg su i nastale brojne tu\u017ebe i politi\u010dki nesporazumi.<\/p>\r\n\r\n\r\n\r\n<p>&nbsp;<\/p>\r\n\r\n\r\n\r\n<figure class=\"wp-block-image size-large\"><img loading=\"lazy\" decoding=\"async\" width=\"1200\" height=\"1600\" class=\"wp-image-28668\" src=\"https:\/\/tvsensor.com\/wp-content\/uploads\/2021\/05\/E0swa3SWUAEHix_-1200x1600.jpg\" alt=\"\" srcset=\"https:\/\/tvsensor.com\/wp-content\/uploads\/2021\/05\/E0swa3SWUAEHix_-1200x1600.jpg 1200w, https:\/\/tvsensor.com\/wp-content\/uploads\/2021\/05\/E0swa3SWUAEHix_-1500x2000.jpg 1500w, https:\/\/tvsensor.com\/wp-content\/uploads\/2021\/05\/E0swa3SWUAEHix_-113x150.jpg 113w, https:\/\/tvsensor.com\/wp-content\/uploads\/2021\/05\/E0swa3SWUAEHix_-768x1024.jpg 768w, https:\/\/tvsensor.com\/wp-content\/uploads\/2021\/05\/E0swa3SWUAEHix_-1152x1536.jpg 1152w, https:\/\/tvsensor.com\/wp-content\/uploads\/2021\/05\/E0swa3SWUAEHix_-1536x2048.jpg 1536w, https:\/\/tvsensor.com\/wp-content\/uploads\/2021\/05\/E0swa3SWUAEHix_-150x200.jpg 150w, https:\/\/tvsensor.com\/wp-content\/uploads\/2021\/05\/E0swa3SWUAEHix_-300x400.jpg 300w, https:\/\/tvsensor.com\/wp-content\/uploads\/2021\/05\/E0swa3SWUAEHix_-696x928.jpg 696w, https:\/\/tvsensor.com\/wp-content\/uploads\/2021\/05\/E0swa3SWUAEHix_-1068x1424.jpg 1068w, https:\/\/tvsensor.com\/wp-content\/uploads\/2021\/05\/E0swa3SWUAEHix_-scaled.jpg 1920w\" sizes=\"auto, (max-width: 1200px) 100vw, 1200px\" \/><\/figure>\r\n\r\n\r\n\r\n<p>&nbsp;<\/p>\r\n","protected":false},"excerpt":{"rendered":"<p>\u010clanak portala raport.ba od 06.05.2021,\u00a0pod nazivom \u201e\u0160amar iz Vlade Njema\u010dke za Dragana \u010covi\u0107a: Nismo za legitimno predstavljanje\u201c obradovao je sve gra\u0111ane Bosne i Hercegovine koji su za multietni\u010dku, pravnu dr\u017eavu. \u010covi\u0107evi \u201emokri snovi\u201c o mijenjanju izbornog zakona i \u017eelja za uvo\u0111enje\u00a0 principa \u201a&#8221;legitimnog politi\u010dkog predstavljanja\u201c definitivno su dobili negativan feedback od strane njema\u010dke vlade. Svako [&hellip;]<\/p>\n","protected":false},"author":59,"featured_media":28639,"comment_status":"open","ping_status":"closed","sticky":false,"template":"","format":"standard","meta":{"inline_featured_image":false,"footnotes":""},"categories":[376,45,37],"tags":[],"class_list":{"0":"post-28635","1":"post","2":"type-post","3":"status-publish","4":"format-standard","5":"has-post-thumbnail","7":"category-featured","8":"category-svijet-ekonomija","9":"category-vijesti"},"acf":[],"_links":{"self":[{"href":"https:\/\/tvsensor.com\/api\/wp\/v2\/posts\/28635","targetHints":{"allow":["GET"]}}],"collection":[{"href":"https:\/\/tvsensor.com\/api\/wp\/v2\/posts"}],"about":[{"href":"https:\/\/tvsensor.com\/api\/wp\/v2\/types\/post"}],"author":[{"embeddable":true,"href":"https:\/\/tvsensor.com\/api\/wp\/v2\/users\/59"}],"replies":[{"embeddable":true,"href":"https:\/\/tvsensor.com\/api\/wp\/v2\/comments?post=28635"}],"version-history":[{"count":20,"href":"https:\/\/tvsensor.com\/api\/wp\/v2\/posts\/28635\/revisions"}],"predecessor-version":[{"id":28688,"href":"https:\/\/tvsensor.com\/api\/wp\/v2\/posts\/28635\/revisions\/28688"}],"wp:featuredmedia":[{"embeddable":true,"href":"https:\/\/tvsensor.com\/api\/wp\/v2\/media\/28639"}],"wp:attachment":[{"href":"https:\/\/tvsensor.com\/api\/wp\/v2\/media?parent=28635"}],"wp:term":[{"taxonomy":"category","embeddable":true,"href":"https:\/\/tvsensor.com\/api\/wp\/v2\/categories?post=28635"},{"taxonomy":"post_tag","embeddable":true,"href":"https:\/\/tvsensor.com\/api\/wp\/v2\/tags?post=28635"}],"curies":[{"name":"wp","href":"https:\/\/api.w.org\/{rel}","templated":true}]}}