{"id":28630,"date":"2021-05-08T22:50:23","date_gmt":"2021-05-08T21:50:23","guid":{"rendered":"https:\/\/senzor.ba\/?p=28630"},"modified":"2024-01-15T21:37:55","modified_gmt":"2024-01-15T20:37:55","slug":"mirza-selimbegovic-nova-vecina-podrzat-ce-sve-sto-je-u-interesu-gradjana-novog-grada","status":"publish","type":"post","link":"https:\/\/tvsensor.com\/clanak\/mirza-selimbegovic-nova-vecina-podrzat-ce-sve-sto-je-u-interesu-gradjana-novog-grada\/","title":{"rendered":"Mirza Selimbegovi\u0107: Nova ve\u0107ina podr\u017eat \u0107e sve \u0161to je u interesu gra\u0111ana Novog Grada"},"content":{"rendered":"\n<p>Novi predsjedavaju\u0107i Op\u0107inskog vije\u0107a Novi Grad, Mirza Selimbegovi\u0107 (Narod i Pravda) isti\u010de kako vjeruje da \u0107e novo rukovodstvo pobolj\u0161ati rad Op\u0107inskog vije\u0107a, te da \u0107e nastojati ostvariti korektnu saradnju s op\u0107inskim na\u010delnikom, a na principima transparentnosti, zakonitosti i interesa gra\u0111ana.<\/p>\n\n\n\n<p>Mirza Selimbegovi\u0107 ju\u010der je izabran za novog predsjedavaju\u0107eg Op\u0107inskog vije\u0107a Novi Grad; njegovo imenovanje podr\u017ealo je dvadest i dva vije\u0107nika, \u0161to predstavlja dvotre\u0107insku ve\u0107inu.<\/p>\n\n\n\n<p>\u201eIznimno mi je drago \u0161to smo ostvarili jednu \u0161iroku podr\u0161ku za ova imenovanja jer je to pokazatelj da nije rije\u010d o tijesno kalkulisanoj, matemati\u010dkoj koaliciji stvorenoj na neprincipijelnim osnovama. Imenovanje novog rukovodstva, sasvim je o\u010devidno, podr\u017eali su, ne samo vije\u0107nici stranaka Trojke, nego i&nbsp; vije\u0107nici iz drugih stranaka. To nam daje nadu da \u0107emo u vije\u0107u imati stabilnu ve\u0107inu koja je spremna raditi u interesu svih gra\u0111ana Novog Grada\u201c, kazao je predsjedavaju\u0107i Selimbegovi\u0107.<\/p>\n\n\n\n<p>Nakon imenovanja novog rukovodstva, Op\u0107insko vije\u0107e je ostale ta\u010dke Dnevnog reda usvojilo jednoglasno, pokazav\u0161i na taj na\u010din, da vije\u0107nici mogu korektno sara\u0111ivati za op\u0107u dobrobit Op\u0107ine.<\/p>\n\n\n\n<p>\u201eNastojat \u0107emo intenzivirati rad Op\u0107inskog vije\u0107a koje je u protekla tri mjeseca zasjedalo rijetko i shodno tome, razmatralo minimalan broj ta\u010daka. Osim vanredne, odr\u017eali smo i redovnu sjednicu na kojoj smo ta\u010dke Dnevnog reda usvojili jednoglasno i time najavili jedan kvalitetniji rad Op\u0107inskog vije\u0107a\u201c, dodao je Selimbegovi\u0107.<\/p>\n\n\n\n<p>\u0160to se ti\u010de saradnje sa Op\u0107inskim na\u010delnikom, Semirom Efendi\u0107em (Stranka za BiH), novopredsjedavaju\u0107i Vije\u0107a, Selimbegovi\u0107 vjeruje da na\u010delnik i Op\u0107insko vije\u0107e mogu dobro i korektno sara\u0111ivati, a u skladu s propisanim ulogama i ovla\u0161tenjima.<\/p>\n\n\n\n<p>\u201eOp\u0107insko vije\u0107e nije i ne treba biti produ\u017eena ruka na\u010delnika. Op\u0107insko vije\u0107e je najvi\u0161i zakonodavni organ lokalne uprave i u njemu su predstavnici gra\u0111ana Novog Grada koji zastupaju interese gra\u0111ana. U tim okvirima, Op\u0107insko vije\u0107e i na\u010delnik mogu i trebaju sara\u0111ivati kao partneri i mi smo za takvu vrstu saradnje otvoreni i spremni; naravno, uz dogovorene principe rada. Uvijek \u0107emo podr\u017eati prijedloge koji su u interesu gra\u0111ana, nastojat \u0107emo ostvariti kvalitetnu komunikaciju s gra\u0111anima Novog Grada i dati prostora njihovim neposrednim inicijativama. Poseban fokus stavit \u0107emo na transparentnost rada, ne samo Op\u0107inskog vije\u0107a, ve\u0107 i cjelokupne op\u0107inske administracije. Stvari koje smatramo \u0161tetnim za gra\u0111ane Novog Grada ne\u0107emo podr\u017eati, niti \u0107emo se sustezati da uka\u017eemo na propuste i lo\u0161e prakse bilo koga\u201c, istakao na kraju novi predsjedavaju\u0107i Op\u0107inskog vije\u0107a, Mirza Selimbegovi\u0107.<\/p>\n","protected":false},"excerpt":{"rendered":"<p>Novi predsjedavaju\u0107i Op\u0107inskog vije\u0107a Novi Grad, Mirza Selimbegovi\u0107 (Narod i Pravda) isti\u010de kako vjeruje da \u0107e novo rukovodstvo pobolj\u0161ati rad Op\u0107inskog vije\u0107a, te da \u0107e nastojati ostvariti korektnu saradnju s op\u0107inskim na\u010delnikom, a na principima transparentnosti, zakonitosti i interesa gra\u0111ana. Mirza Selimbegovi\u0107 ju\u010der je izabran za novog predsjedavaju\u0107eg Op\u0107inskog vije\u0107a Novi Grad; njegovo imenovanje podr\u017ealo [&hellip;]<\/p>\n","protected":false},"author":59,"featured_media":28631,"comment_status":"closed","ping_status":"closed","sticky":false,"template":"","format":"standard","meta":{"inline_featured_image":false,"footnotes":""},"categories":[43,376,37],"tags":[],"class_list":{"0":"post-28630","1":"post","2":"type-post","3":"status-publish","4":"format-standard","5":"has-post-thumbnail","7":"category-bih","8":"category-featured","9":"category-vijesti"},"acf":[],"_links":{"self":[{"href":"https:\/\/tvsensor.com\/api\/wp\/v2\/posts\/28630","targetHints":{"allow":["GET"]}}],"collection":[{"href":"https:\/\/tvsensor.com\/api\/wp\/v2\/posts"}],"about":[{"href":"https:\/\/tvsensor.com\/api\/wp\/v2\/types\/post"}],"author":[{"embeddable":true,"href":"https:\/\/tvsensor.com\/api\/wp\/v2\/users\/59"}],"replies":[{"embeddable":true,"href":"https:\/\/tvsensor.com\/api\/wp\/v2\/comments?post=28630"}],"version-history":[{"count":1,"href":"https:\/\/tvsensor.com\/api\/wp\/v2\/posts\/28630\/revisions"}],"predecessor-version":[{"id":28632,"href":"https:\/\/tvsensor.com\/api\/wp\/v2\/posts\/28630\/revisions\/28632"}],"wp:featuredmedia":[{"embeddable":true,"href":"https:\/\/tvsensor.com\/api\/wp\/v2\/media\/28631"}],"wp:attachment":[{"href":"https:\/\/tvsensor.com\/api\/wp\/v2\/media?parent=28630"}],"wp:term":[{"taxonomy":"category","embeddable":true,"href":"https:\/\/tvsensor.com\/api\/wp\/v2\/categories?post=28630"},{"taxonomy":"post_tag","embeddable":true,"href":"https:\/\/tvsensor.com\/api\/wp\/v2\/tags?post=28630"}],"curies":[{"name":"wp","href":"https:\/\/api.w.org\/{rel}","templated":true}]}}