{"id":28602,"date":"2021-05-08T12:17:05","date_gmt":"2021-05-08T11:17:05","guid":{"rendered":"https:\/\/senzor.ba\/?p=28602"},"modified":"2024-01-15T21:37:56","modified_gmt":"2024-01-15T20:37:56","slug":"opcina-kalesija-dobila-park-sjecanja-na-osobe-koje-su-umrle-od-karcinoma-i-drugih-malignih-oboljenja","status":"publish","type":"post","link":"https:\/\/tvsensor.com\/clanak\/opcina-kalesija-dobila-park-sjecanja-na-osobe-koje-su-umrle-od-karcinoma-i-drugih-malignih-oboljenja\/","title":{"rendered":"Op\u0107ina Kalesija dobila park sje\u0107anja na osobe koje su umrle od karcinoma i drugih malignih oboljenja"},"content":{"rendered":"\n<p>Sekretar Organa uprave Mujo Tosunbegovi\u0107 u ime op\u0107inskog na\u010delnika danas je zajedno sa Hajrom Jahi\u0107-Bajri\u0107 predsjednicom Udru\u017eenja \u017eena oboljelih i lije\u010denih od karcionoma i drugih malignih oboljenja \u201eNijemi krik\u201c Kalesija otkrio spomen plo\u010du u \u201eParku sje\u0107anja\u201c koji je ura\u0111en kao sje\u0107anje na osobe koje su izgubile bitku sa opakom bole\u0161\u0107u zvanom rak.<\/p>\n\n\n\n<p>\u010clanice pomenutog udru\u017eenja zajedno sa \u010dlanovima porodica su na javnoj povr\u0161ini ispred BKC-a \u201eAlija Izetbegovi\u0107\u201c Kalesija zasadile bijele i roze ru\u017ee sa imenima osoba koje su umrle od karcionoma i drugih malignih oboljenja sa podru\u010dja na\u0161e op\u0107ine.<\/p>\n\n\n\n<p>Ovo je samo dio imena, mi pozivamo \u010dlanove porodica u kojima je neko umro od karcionoma da nam dostave ime, a mi \u0107emo obezbijediti ru\u017ee i iste zasaditi u parku sje\u0107anja, kazala je predsjednica Hajra Jahi\u0107-Bajri\u0107.<\/p>\n\n\n\n<p>Ona se zahvalila i op\u0107inskom na\u010delniku Seadu D\u017eafi\u0107u koji je imao sluha i pomogao da dobiju ovu povr\u0161inu i da je pretvore u park sje\u0107anja, rekav\u0161i da je ovim \u010dinom Kalesija postala prva u BiH, ako ne i u Evropi koja ima \u201ePark sje\u0107anja\u201c na umrle od karcionoma.<\/p>\n\n\n\n<p>Danas su majke, sestre, supruge pokazale ustvari koliko je te\u0161ko njima u borbi kroz \u017eivot sa ovom opakom bole\u0161\u0107u. Svaka zasa\u0111ena ru\u017ea nosi ne\u010dije ime, danas smo tu vidjeli i mnogo suza prilikom sadnje istih. Op\u0107inski na\u010delnik i kompletna administracija \u017eenama oboljelim od karcinoma i drugih malignih bolesti stoji na raspolaganju i tu smo da im pomognemo, istakao je sekretar Organa uprave Mujo Tosunbegovi\u0107.<\/p>\n\n\n\n<p>Park sje\u0107anja \u0107e biti mjesto gdje \u0107e nicati novi \u017eivot i nada da karcionoma vi\u0161e ne bude.<\/p>\n","protected":false},"excerpt":{"rendered":"<p>Sekretar Organa uprave Mujo Tosunbegovi\u0107 u ime op\u0107inskog na\u010delnika danas je zajedno sa Hajrom Jahi\u0107-Bajri\u0107 predsjednicom Udru\u017eenja \u017eena oboljelih i lije\u010denih od karcionoma i drugih malignih oboljenja \u201eNijemi krik\u201c Kalesija otkrio spomen plo\u010du u \u201eParku sje\u0107anja\u201c koji je ura\u0111en kao sje\u0107anje na osobe koje su izgubile bitku sa opakom bole\u0161\u0107u zvanom rak. \u010clanice pomenutog udru\u017eenja [&hellip;]<\/p>\n","protected":false},"author":59,"featured_media":28603,"comment_status":"closed","ping_status":"closed","sticky":false,"template":"","format":"gallery","meta":{"inline_featured_image":false,"footnotes":""},"categories":[376,38],"tags":[],"class_list":{"0":"post-28602","1":"post","2":"type-post","3":"status-publish","4":"format-gallery","5":"has-post-thumbnail","7":"category-featured","8":"category-vijesti-iz-bih","9":"post_format-post-format-gallery"},"acf":[],"_links":{"self":[{"href":"https:\/\/tvsensor.com\/api\/wp\/v2\/posts\/28602","targetHints":{"allow":["GET"]}}],"collection":[{"href":"https:\/\/tvsensor.com\/api\/wp\/v2\/posts"}],"about":[{"href":"https:\/\/tvsensor.com\/api\/wp\/v2\/types\/post"}],"author":[{"embeddable":true,"href":"https:\/\/tvsensor.com\/api\/wp\/v2\/users\/59"}],"replies":[{"embeddable":true,"href":"https:\/\/tvsensor.com\/api\/wp\/v2\/comments?post=28602"}],"version-history":[{"count":8,"href":"https:\/\/tvsensor.com\/api\/wp\/v2\/posts\/28602\/revisions"}],"predecessor-version":[{"id":28626,"href":"https:\/\/tvsensor.com\/api\/wp\/v2\/posts\/28602\/revisions\/28626"}],"wp:featuredmedia":[{"embeddable":true,"href":"https:\/\/tvsensor.com\/api\/wp\/v2\/media\/28603"}],"wp:attachment":[{"href":"https:\/\/tvsensor.com\/api\/wp\/v2\/media?parent=28602"}],"wp:term":[{"taxonomy":"category","embeddable":true,"href":"https:\/\/tvsensor.com\/api\/wp\/v2\/categories?post=28602"},{"taxonomy":"post_tag","embeddable":true,"href":"https:\/\/tvsensor.com\/api\/wp\/v2\/tags?post=28602"}],"curies":[{"name":"wp","href":"https:\/\/api.w.org\/{rel}","templated":true}]}}