{"id":28595,"date":"2021-05-08T12:08:03","date_gmt":"2021-05-08T11:08:03","guid":{"rendered":"https:\/\/senzor.ba\/?p=28595"},"modified":"2024-01-15T21:37:56","modified_gmt":"2024-01-15T20:37:56","slug":"banjalucka-ferhadija-skromno-obiljezen-dan-dzamija","status":"publish","type":"post","link":"https:\/\/tvsensor.com\/clanak\/banjalucka-ferhadija-skromno-obiljezen-dan-dzamija\/","title":{"rendered":"Banjalu\u010dka Ferhadija &#8211; skromno obilje\u017een dan d\u017eamija"},"content":{"rendered":"\n<p><em>Obilje\u017eavanje 7. maja, u d\u017eamiji \u010diji je dan ru\u0161enja izabran za obilje\u017eavanje Dana d\u017eamija, banjalu\u010dkoj Ferhadiji, odr\u017eano je skromno, pred malim brojem vjernika.<\/em><\/p>\n\n\n\n<p>Muftija banjalu\u010dki, Nusret-ef. Abdibegovi\u0107 je u svom obra\u0107anju podsjetio na kur\u2019anski i historijske postulate koji prate \u010dinjenje dobra, kao i \u010dinjenje zla.<\/p>\n\n\n\n<p>U skladu sa ograni\u010denjima nametnutim za\u0161titom od pandemije korona virusa, imami Med\u017elisa Islamske zajednice (MIZ) Banjaluka odr\u017eali su prigodni program koji je vodio glavni imam MIZ Banja Luka Adnan-ef. Jusi\u0107.<\/p>\n\n\n\n<p>Muftija Abdibegovi\u0107 je ukazao da je Allah d\u017e.\u0161. vjernicima i vjernicama naredio i propisao gradnju d\u017eamija kako bi se tu Njegovo ime slavilo i veli\u010dalo.<\/p>\n\n\n\n<p>&#8211; S Allahovim imenom je po\u010dela gradnja svake d\u017eamije, pa i gradnja svih banjalu\u010dkih d\u017eamija. Izgovaranjem i veli\u010danjem Njegova imena, kroz \u010din gradnje, \u017eeljelo se posti\u0107i Allahovo zadovoljstvo, te potvrditi i iskazati ljudska potreba za spasom, sre\u0107om i usre\u0107enjem na Ovom i Budu\u0107em svijetu &#8211; rekao je muftija.<\/p>\n\n\n\n<p>Napomenuo je da je pomirenje put do mira, i da mir ljudima donosi sigurnost i daruje radost. Dodao je da ljude treba podu\u010diti i nau\u010diti da ljudska zajednica i \u017eivot zajednice ljudi ovise o istini, ljubavi, kajanju i pra\u0161tanju.<\/p>\n\n\n\n<p>&#8211; Pra\u0161tanje oplemenjuje onoga ko moli za oprost, kao i onoga ko je spreman da daruje pra\u0161tanje. \u010cin kajanja je izraz empatije, saosje\u0107anja, solidarnosti i znak \u017ealjenja za u\u010dinjenu nepravdu ili naneseno zlo. Kajanje je znak plemenitosti, pa i vi\u0161e od toga, znak vite\u0161tva &#8211; isti\u010de muftija.<\/p>\n\n\n\n<p>Podsjetio je da povijest sve bilje\u017ei i pamti.<\/p>\n\n\n\n<p>&#8211; Plemeniti izgra\u0111uju i tako oplemenjuju prostor, ljude i vrijeme. Za razliku od njih, oni drugi ru\u0161e, razgra\u0111uju i pusto\u0161e. I jedni i drugi djelima prave ram za svoju sliku na zidu povijesti. Povijest sve bilje\u017ei i pamti. Ona je notorni svjedok i dobra i zla, \u017eivota ljudi i neljudi. Njenom o\u0161trom oku i pam\u0107enju ni\u0161ta ne promakne. Vrijeme gradnje d\u017eamija se pamti, ali se u povijesti vi\u0161e govori i pi\u0161e o njihovom ru\u0161enju i paljenju &#8211; isti\u010de Abdibegovi\u0107.&nbsp;<\/p>\n\n\n\n<p>Na kraju obra\u0107anja pojasnio je i da se d\u017eamije grade radi organizovanog veli\u010danja i slavljenja Allaha d\u017e.\u0161., ali i sa namjerom okupljanja vjernika, o\u010duvanja, za\u0161tite i opstojnosti njihovog pojedina\u010dnog i kolektivnog identiteta, te da je d\u017eamija Ferhadija izgra\u0111ena sa iskrenom vjerom u Boga, obnovljena velikom ljubavlju i \u010de\u017enjom iskrenih vjernika i zato je treba posje\u0107ivati i odr\u017eavati u kontinuitetu.<\/p>\n\n\n\n<p>Program je zavr\u0161en prigodnom dovom (molitvom) u kojoj se muftija Abdibegovi\u0107 prisjetio i rahmetli Murata Badi\u0107a koji je na ubijen 7. maja 2001. godine u Banjaluci na dan polaganja kamena temeljca za ponovnu izgradnju Ferhadije.&nbsp;<\/p>\n\n\n\n<p>Odlukom Rijaseta Islamske zajednice u Bosni i Hercegovini, 7. maj je progla\u0161en Danom d\u017eamija, kada se simboli\u010dno obilje\u017eeva ru\u0161enja&nbsp;Ferhadije&nbsp;u&nbsp;Banjaluci, ali i ostalih 613 d\u017eamija, 218 mesd\u017eida, 69 mekteba, \u010detiri tekije, 37 turbeta i 405 drugih objekata u vlasni\u0161tvu Islamske zajednice.<\/p>\n","protected":false},"excerpt":{"rendered":"<p>Obilje\u017eavanje 7. maja, u d\u017eamiji \u010diji je dan ru\u0161enja izabran za obilje\u017eavanje Dana d\u017eamija, banjalu\u010dkoj Ferhadiji, odr\u017eano je skromno, pred malim brojem vjernika. Muftija banjalu\u010dki, Nusret-ef. Abdibegovi\u0107 je u svom obra\u0107anju podsjetio na kur\u2019anski i historijske postulate koji prate \u010dinjenje dobra, kao i \u010dinjenje zla. U skladu sa ograni\u010denjima nametnutim za\u0161titom od pandemije korona virusa, [&hellip;]<\/p>\n","protected":false},"author":59,"featured_media":28598,"comment_status":"closed","ping_status":"closed","sticky":false,"template":"","format":"standard","meta":{"inline_featured_image":false,"footnotes":""},"categories":[43,376,53,37],"tags":[],"class_list":{"0":"post-28595","1":"post","2":"type-post","3":"status-publish","4":"format-standard","5":"has-post-thumbnail","7":"category-bih","8":"category-featured","9":"category-magazin","10":"category-vijesti"},"acf":[],"_links":{"self":[{"href":"https:\/\/tvsensor.com\/api\/wp\/v2\/posts\/28595","targetHints":{"allow":["GET"]}}],"collection":[{"href":"https:\/\/tvsensor.com\/api\/wp\/v2\/posts"}],"about":[{"href":"https:\/\/tvsensor.com\/api\/wp\/v2\/types\/post"}],"author":[{"embeddable":true,"href":"https:\/\/tvsensor.com\/api\/wp\/v2\/users\/59"}],"replies":[{"embeddable":true,"href":"https:\/\/tvsensor.com\/api\/wp\/v2\/comments?post=28595"}],"version-history":[{"count":3,"href":"https:\/\/tvsensor.com\/api\/wp\/v2\/posts\/28595\/revisions"}],"predecessor-version":[{"id":28600,"href":"https:\/\/tvsensor.com\/api\/wp\/v2\/posts\/28595\/revisions\/28600"}],"wp:featuredmedia":[{"embeddable":true,"href":"https:\/\/tvsensor.com\/api\/wp\/v2\/media\/28598"}],"wp:attachment":[{"href":"https:\/\/tvsensor.com\/api\/wp\/v2\/media?parent=28595"}],"wp:term":[{"taxonomy":"category","embeddable":true,"href":"https:\/\/tvsensor.com\/api\/wp\/v2\/categories?post=28595"},{"taxonomy":"post_tag","embeddable":true,"href":"https:\/\/tvsensor.com\/api\/wp\/v2\/tags?post=28595"}],"curies":[{"name":"wp","href":"https:\/\/api.w.org\/{rel}","templated":true}]}}