{"id":28585,"date":"2021-05-08T11:09:12","date_gmt":"2021-05-08T10:09:12","guid":{"rendered":"https:\/\/senzor.ba\/?p=28585"},"modified":"2024-01-15T21:37:56","modified_gmt":"2024-01-15T20:37:56","slug":"praznik-rada-slavi-s-plugom-u-rukama","status":"publish","type":"post","link":"https:\/\/tvsensor.com\/clanak\/praznik-rada-slavi-s-plugom-u-rukama\/","title":{"rendered":"Praznik rada slavi s plugom u rukama"},"content":{"rendered":"\n<p>Ibrahim Smaji\u0107 iz Viteza me\u0111unarodni praznik rada do\u010dekuje na njivi s plugom u rukama i upregnutim konjem. On je jo\u0161 uvijek radnik bez pla\u0107e, penzije, ikakvih primanja. Samo ono \u0161to zaradi s konjem to i ima. <\/p>\n\n\n\n<p>Pored toga ima i bolesnog punoljetnog sina koji je invalid. Na pitanje za\u0161to radi na me\u0111unarodni praznik rada, Ibro je odgovorio: &#8220;Pa zar nije praznik rada, treba se raditi a ne odmarati.&#8221; <\/p>\n\n\n\n<p>Ibro zahvaljuje dijaspori koja ga je kako ka\u017ee ostavila na \u017eivotu.<\/p>\n","protected":false},"excerpt":{"rendered":"<p>Ibrahim Smaji\u0107 iz Viteza me\u0111unarodni praznik rada do\u010dekuje na njivi s plugom u rukama i upregnutim konjem. On je jo\u0161 uvijek radnik bez pla\u0107e, penzije, ikakvih primanja. Samo ono \u0161to zaradi s konjem to i ima. Pored toga ima i bolesnog punoljetnog sina koji je invalid. Na pitanje za\u0161to radi na me\u0111unarodni praznik rada, Ibro [&hellip;]<\/p>\n","protected":false},"author":59,"featured_media":28587,"comment_status":"closed","ping_status":"closed","sticky":false,"template":"","format":"video","meta":{"inline_featured_image":false,"footnotes":""},"categories":[72,1244],"tags":[],"class_list":{"0":"post-28585","1":"post","2":"type-post","3":"status-publish","4":"format-video","5":"has-post-thumbnail","7":"category-video-galerija","8":"category-zanimljivosti-video-galerija","9":"post_format-post-format-video"},"acf":[],"_links":{"self":[{"href":"https:\/\/tvsensor.com\/api\/wp\/v2\/posts\/28585","targetHints":{"allow":["GET"]}}],"collection":[{"href":"https:\/\/tvsensor.com\/api\/wp\/v2\/posts"}],"about":[{"href":"https:\/\/tvsensor.com\/api\/wp\/v2\/types\/post"}],"author":[{"embeddable":true,"href":"https:\/\/tvsensor.com\/api\/wp\/v2\/users\/59"}],"replies":[{"embeddable":true,"href":"https:\/\/tvsensor.com\/api\/wp\/v2\/comments?post=28585"}],"version-history":[{"count":1,"href":"https:\/\/tvsensor.com\/api\/wp\/v2\/posts\/28585\/revisions"}],"predecessor-version":[{"id":28586,"href":"https:\/\/tvsensor.com\/api\/wp\/v2\/posts\/28585\/revisions\/28586"}],"wp:featuredmedia":[{"embeddable":true,"href":"https:\/\/tvsensor.com\/api\/wp\/v2\/media\/28587"}],"wp:attachment":[{"href":"https:\/\/tvsensor.com\/api\/wp\/v2\/media?parent=28585"}],"wp:term":[{"taxonomy":"category","embeddable":true,"href":"https:\/\/tvsensor.com\/api\/wp\/v2\/categories?post=28585"},{"taxonomy":"post_tag","embeddable":true,"href":"https:\/\/tvsensor.com\/api\/wp\/v2\/tags?post=28585"}],"curies":[{"name":"wp","href":"https:\/\/api.w.org\/{rel}","templated":true}]}}