{"id":28254,"date":"2021-05-05T01:45:24","date_gmt":"2021-05-05T00:45:24","guid":{"rendered":"https:\/\/senzor.ba\/?p=28254"},"modified":"2024-01-15T21:38:03","modified_gmt":"2024-01-15T20:38:03","slug":"bivsi-americki-senatori-sada-je-bitno-da-ne-zaboravimo-bih","status":"publish","type":"post","link":"https:\/\/tvsensor.com\/clanak\/bivsi-americki-senatori-sada-je-bitno-da-ne-zaboravimo-bih\/","title":{"rendered":"Biv\u0161i ameri\u010dki senatori: Sada je bitno da ne zaboravimo BiH"},"content":{"rendered":"\n<p>Nevladina organizacija \u201cBosnian Advocacy Center\u201d organizovala je razgovor s biv\u0161im ameri\u010dkim senatorima Joeom Liebermanom i Dennisom DeConcinijem, ameri\u010dkim politi\u010darima koji su imali klju\u010dnu ulogu u aktivnijoj ameri\u010dkoj pomo\u0107i BiH tokom rata.<\/p>\n\n\n\n<p>Oba senatora, koji su za vrijeme devedesetih godina u Kongresu SAD-a djelovala ispred Demokratske stranke, imala su nemjerljiv doprinos ukazivanju na de\u0161avanja u Bosni i Hercegovini tokom rata te su podr\u017eavali aktivnije ameri\u010dko u\u010de\u0161\u0107e u ratu u Bosni i Hercegovini.<\/p>\n\n\n\n<p>Tako\u0111er, DeConcini i Lieberman bili su senatori koji su se o\u0161tro protivili embargu na naoru\u017eanje Armije Republike Bosne i Hercegovine te su se zalagali za pomo\u0107 bosanskoj vojsci ukidanjem embarga, ali i bombardovanjem polo\u017eaja VRS-a iz zraka.<\/p>\n\n\n\n<p>Lieberman je tokom razgovora istakao kako je de\u0161avanja u Bosni i Hercegovini shvatao li\u010dno, te da je kao Jevrej koji je upoznat s holokaustom u Drugom svjetskom ratu morao reagovati na de\u0161avanja u BiH i na genocid koji je po\u010dinjen u Srebrenici.<\/p>\n\n\n\n<p>&#8211; Ono \u0161to se de\u0161avalo u Bosni i Hercegovini mislim da sam shvatao i li\u010dno. Kada ka\u017eete da se takve stvari ne\u0107e ponoviti nikad vi\u0161e, to se odnosi na sve. Mislio sam da imamo historijsku obavezu da reagujemo. Borili smo se da SAD zaustavi genocid i agresiju Srbije. Najva\u017enija stvar na kojoj smo radili jeste da smo podr\u0161ku za svoje djelovanje dobili i od demokrata, ali i od republikanaca. To danas ne\u0107ete vidjeti u Kongresu\u201d, rekao je Lieberman.<\/p>\n\n\n\n<p>Biv\u0161i ameri\u010dki senator istakao je kako se on zajedno s Bob Doleom i nekoliko drugih senatora borio za aktivnije u\u010de\u0161\u0107e SAD-a u ratu u Bosni i Hercegovini.<\/p>\n\n\n\n<p>&#8211; Dole, ja i drugi senatori smo htjeli da ukinemo embargo na naoru\u017eanje tako da mo\u017eemo pomo\u0107i narodu u Bosni da se brani od srpskih snaga koje su napadale. Podignite embargo i napadajte srpske snage iz zraka. Evropljani su nam rekli da nas ne mogu podr\u017eati te su rekli da ako po\u0161aljemo vojne trupe da \u0107e evropski humanitarni radnici biti u opasnosti. Me\u0111utim, \u0161ta \u0107emo sa ljudima koji su u BiH ubijani svaki dan? Bili smo veoma razo\u010darani\u201d, rekao je Lieberman.<\/p>\n\n\n\n<p>S druge strane, biv\u0161i senator DeConcini govorio je o po\u010detku rata u BiH te je istakao da je u tom periodu obavio niz razgovora s Karad\u017ei\u0107em i Milo\u0161evi\u0107em gdje je tra\u017eio da prestanu s ratnim aktivnostima.<\/p>\n\n\n\n<p>Tako\u0111er, DeConcini je naglasio kako se i dalje informi\u0161e o de\u0161avanjima u BiH te da mu je drago da dr\u017eava ide prema \u010dlanstvu u NATO savezu.<\/p>\n\n\n\n<p>&#8211; Pozvao sam i Karad\u017ei\u0107a i Milo\u0161evi\u0107a da ne rade to \u0161to rade. \u010cuo sam stra\u0161ne pri\u010de ljudi koji su mu\u010deni, \u017eena koje su silovane. Bilo je te\u0161ko vjerovati da je to mogu\u0107e uraditi. Jednom kada u\u0111ete u ovakve procese, postanete posve\u0107eni i vjerujete da ne\u0161to mo\u017eete promijeniti\u201d, rekao je DeConcini.<\/p>\n\n\n\n<p>Istakao je kako je ameri\u010dka intervencija u BiH postala intenzivnija nakon \u0161to je narod u SAD-u shvatio \u0161ta se de\u0161ava u Bosni i Hercegovini.<\/p>\n\n\n\n<p>&#8211; Ameri\u010dki narod nakon odre\u0111enog vremena je saznao \u0161ta se de\u0161ava nakon \u010dega je uslijedila reakcija. Dejtonski mirovni sporazum je donio mir, ali sada je bitno da ne zaboravimo Bosnu i Hercegovinu. Mislim da je Biden i dalje posve\u0107en Bosni i Balkanu. Ima trenutno mnogo toga pred sobom, ali vjerujem da \u0107e vrijeme posvetiti i Bosni i Hercegovini\u201d, naveo je DeConcini.<\/p>\n\n\n\n<p>Na kraju razgovora, senator Joe Lieberman govorio je i o trenutnim geopoliti\u010dkim odnosima na Balkanu te je istakao kako Sjedinjene Ameri\u010dke Dr\u017eave moraju imati aktivniju ulogu zbog sve ja\u010deg utjecaja koji vr\u0161e Kina i Rusija na Zapadni Balkan, pi\u0161e&nbsp;<a href=\"https:\/\/www.klix.ba\/vijesti\/bih\/bivsi-americki-senatori-sad-ne-smije-zaboraviti-bih-biden-je-i-dalje-posvecen-balkanu\/210504153\" target=\"_blank\" rel=\"noreferrer noopener\">Klix.ba<\/a>.<\/p>\n\n\n\n<p> Kina i Rusija su va\u017ene u tom pogledu i one predstavljaju prijetnje svemu \u0161to Biden promovira, ali i miru na Balkanu. Moramo voditi ra\u010duna o Bosni i prosperitetu Balkana. Ukoliko ignoriramo trenutna de\u0161avanja, Rusija i Kina \u0107e se vi\u0161e umije\u0161ati na Balkan, a to ne\u0107e biti dobro za ljude na Balkanu\u201d, zaklju\u010dio je Lieberman.<\/p>\n\n\n\n<iframe loading=\"lazy\" src=\"https:\/\/www.facebook.com\/plugins\/video.php?height=314&#038;href=https%3A%2F%2Fwww.facebook.com%2FBosnianAdvocacyCenter%2Fvideos%2F291716585784957%2F&#038;show_text=false&#038;width=560\" width=\"560\" height=\"314\" style=\"border:none;overflow:hidden\" scrolling=\"no\" frameborder=\"0\" allowfullscreen=\"true\" allow=\"autoplay; clipboard-write; encrypted-media; picture-in-picture; web-share\" allowFullScreen=\"true\"><\/iframe>\n","protected":false},"excerpt":{"rendered":"<p>Nevladina organizacija \u201cBosnian Advocacy Center\u201d organizovala je razgovor s biv\u0161im ameri\u010dkim senatorima Joeom Liebermanom i Dennisom DeConcinijem, ameri\u010dkim politi\u010darima koji su imali klju\u010dnu ulogu u aktivnijoj ameri\u010dkoj pomo\u0107i BiH tokom rata. Oba senatora, koji su za vrijeme devedesetih godina u Kongresu SAD-a djelovala ispred Demokratske stranke, imala su nemjerljiv doprinos ukazivanju na de\u0161avanja u Bosni [&hellip;]<\/p>\n","protected":false},"author":59,"featured_media":28255,"comment_status":"closed","ping_status":"closed","sticky":false,"template":"","format":"standard","meta":{"inline_featured_image":false,"footnotes":""},"categories":[234],"tags":[],"class_list":{"0":"post-28254","1":"post","2":"type-post","3":"status-publish","4":"format-standard","5":"has-post-thumbnail","7":"category-politika"},"acf":[],"_links":{"self":[{"href":"https:\/\/tvsensor.com\/api\/wp\/v2\/posts\/28254","targetHints":{"allow":["GET"]}}],"collection":[{"href":"https:\/\/tvsensor.com\/api\/wp\/v2\/posts"}],"about":[{"href":"https:\/\/tvsensor.com\/api\/wp\/v2\/types\/post"}],"author":[{"embeddable":true,"href":"https:\/\/tvsensor.com\/api\/wp\/v2\/users\/59"}],"replies":[{"embeddable":true,"href":"https:\/\/tvsensor.com\/api\/wp\/v2\/comments?post=28254"}],"version-history":[{"count":2,"href":"https:\/\/tvsensor.com\/api\/wp\/v2\/posts\/28254\/revisions"}],"predecessor-version":[{"id":28257,"href":"https:\/\/tvsensor.com\/api\/wp\/v2\/posts\/28254\/revisions\/28257"}],"wp:featuredmedia":[{"embeddable":true,"href":"https:\/\/tvsensor.com\/api\/wp\/v2\/media\/28255"}],"wp:attachment":[{"href":"https:\/\/tvsensor.com\/api\/wp\/v2\/media?parent=28254"}],"wp:term":[{"taxonomy":"category","embeddable":true,"href":"https:\/\/tvsensor.com\/api\/wp\/v2\/categories?post=28254"},{"taxonomy":"post_tag","embeddable":true,"href":"https:\/\/tvsensor.com\/api\/wp\/v2\/tags?post=28254"}],"curies":[{"name":"wp","href":"https:\/\/api.w.org\/{rel}","templated":true}]}}