{"id":28193,"date":"2021-05-04T04:04:36","date_gmt":"2021-05-04T03:04:36","guid":{"rendered":"https:\/\/senzor.ba\/?p=28193"},"modified":"2024-01-15T21:38:05","modified_gmt":"2024-01-15T20:38:05","slug":"druze-tito-otkad-tebe-nije-o-narodu-nema-ko-da-brine","status":"publish","type":"post","link":"https:\/\/tvsensor.com\/clanak\/druze-tito-otkad-tebe-nije-o-narodu-nema-ko-da-brine\/","title":{"rendered":"Dru\u017ee Tito otkad tebe nije o narodu nema ko da brine"},"content":{"rendered":"\n<p><em>Suad Kurt\u0107ehaji\u0107 redovni profesor na Fakultetu politi\u010dkih nauka u Sarajevu evocirao je uspomene&nbsp;povodom \u010detrdeset prve&nbsp;godi\u0161njicesmrti&nbsp;tvorca&nbsp;nove Jugoslavije i&nbsp;najzaslu\u017enije li\u010dnosti za obnovu&nbsp;dr\u017eavnosti Bosne i Hercegovine&nbsp;&nbsp;Josipa&nbsp;Broza&nbsp;Tita.<\/em><\/p>\n\n\n\n<p>Voljeli ga ili ne voljeli nijedna li\u010dnost na Balkanu a po&nbsp;nekim&nbsp;mi\u0161ljenjima&nbsp;i mnogo \u0161ire &nbsp;nije obilje\u017eila XX vijek &nbsp;kao \u0161to je to Tito.&nbsp;To je pokazala njegova sahrana 08. maja 1980. godine koja je bila najve\u0107a sahrana u historiji \u010dovje\u010danstva i drugi najgledaniji doga\u0111aj na na\u0161oj planeti ( odmah iza slijetanja \u010dovjeka na mjesec 1969. godine)<\/p>\n\n\n\n<p>U\u010dinio je svojim&nbsp;vo\u0111stvom&nbsp;&nbsp;da Jugoslavija \u010diji je on bio do\u017eivotni predsjednik bude po\u0161tovana i uva\u017eavana zemlja od svih zemalja svijeta uklju\u010duju\u0107i i tada\u0161nje svjetske velesile SAD i SSSR.<\/p>\n\n\n\n<p>Bosni i&nbsp;Hercegovini za koju je planirano na&nbsp;Petoj&nbsp;Zemaljskoj konferenciji Komunisti\u010dke partije Jugoslavije &nbsp;odr\u017eanoj u oktobru mjesecu&nbsp;1940. godine u Zagrebu&nbsp;da u budu\u0107oj&nbsp;jugoslovenskoj&nbsp;federaciji dobije autonomiju&nbsp;svojom inicijativom&nbsp;u ljeto 1943. godine&nbsp;prema bosanskohercegova\u010dkim komunisti\u010dkim prvacima omogu\u0107io je da dobije jednakopravan status federalne jedinice i time nakon 480 godina od pada pod Osmanlije povrati svoju dr\u017eavnost \u0161to je verificirano na Prvom zasjedanju&nbsp;ZAVNOBiH-a u Mrkonji\u0107 Gradu 25. i 26. novembra 1943. godine.&nbsp;<\/p>\n\n\n\n<p>Nikada narodi u Bosni i Hercegovini nisu do\u017eivjeli takav civilizacijski domet &nbsp;sklad i toleranciju kao u vrijeme Josipa Broza Tita. Bratstvo i jedinstvo nije bila gluma i la\u017e. U to vrijeme smo se istinski voljeli i bili jedno bez obzira na razli\u010ditosti.&nbsp;<\/p>\n\n\n\n<p>Nacionalizmi su \u00a0vjerovatno\u00a0i tad tinjali ali su bili na marginama dru\u0161tvenog \u017eivota. Oni su se\u00a0polako\u00a0rasplamsavali nakon Titove smrti, najprije albanski a potom srpski pa slovena\u010dki i hrvatski,\u00a0Nedostatak mudrosti me\u0111u pojedinim politi\u010dkim liderima, gdje posebno treba izdvojiti \u00a0Milo\u0161evi\u0107a \u00a0koji je te\u017eio\u00a0isklju\u010divo\u00a0jakoj Jugoslaviji i Tu\u0111mana koji je imao opsesiju da Hrvatskoj nakon 1102. godine kada je \u00a0krunisanjem Ugarskog vladara \u00a0Kolomana\u00a0za kralja Hrvatske pala pod ugarsku vlast\u00a0vrati nezavisnost,\u00a0doveli su do sloma\u00a0Jugoslavije i to u vrijeme kad \u00a0je Evropska zajednica nudila pet i po milijardi ameri\u010dkih dolara kao podsticaj za ekonomski razvoj Jugoslavije na \u010delu sa ekonomskim genijem njenim tada\u0161njim premijerom Antom \u00a0Markovi\u0107em i automatsko pridru\u017eeno \u010dlanstvo u Evropskoj Uniji \u010dije formiranje je bilo u toku.<\/p>\n\n\n\n<p>Kao ovnovi na brvnu Milo\u0161evi\u0107 i Tu\u0111man nisu htjeli da na\u0111u kompromis u svojim stajali\u0161tima i Titova tvorevina je do\u017eivjela slom.&nbsp;Argumentaciju kojom su jedni druge okrivljavali &nbsp; za raspad Jugoslavije je bilo najlak\u0161e napraviti.&nbsp;<\/p>\n\n\n\n<p>Da je bilo tolerancije i kompromisa danas bi &nbsp;Jugoslavija bila \u0160vicarska za sve isto\u010dnoevropske zemlje.&nbsp;Umjesto toga dobili smo dana\u0161nju realnost.<\/p>\n\n\n\n<p>I ne mo\u017ee se Tito okriviti \u0161to se zemlja raspala jer je njen koncept ustavnosti od 1974. godine doveo do pune afirmacije svih njenih kako republika tako i naroda.&nbsp;<\/p>\n\n\n\n<p>Problem je \u0161to su neki htjeli hljeba preko poga\u010de.&nbsp;<\/p>\n\n\n\n<p>Danas bi svi narodi i sve dr\u017eave nastale raspadom Jugoslavije trebale da naprave ozbiljnu analizu gdje su bili nekada &nbsp;sa &nbsp;me\u0111unarodnim rejtingom, obrazovanjem, zdravstvom, socijalnom sigurno\u0161\u0107u, naukom, kulturom, sportom,&nbsp;a gdje su danas istakao je akademik Kurt\u0107ehaji\u0107.&nbsp;<\/p>\n\n\n\n<p>A Tito nas je nebrojeno puta upozoravao da smo sve dok smo zajedno a ni\u0161ta razdvojeno.<\/p>\n","protected":false},"excerpt":{"rendered":"<p>Suad Kurt\u0107ehaji\u0107 redovni profesor na Fakultetu politi\u010dkih nauka u Sarajevu evocirao je uspomene&nbsp;povodom \u010detrdeset prve&nbsp;godi\u0161njicesmrti&nbsp;tvorca&nbsp;nove Jugoslavije i&nbsp;najzaslu\u017enije li\u010dnosti za obnovu&nbsp;dr\u017eavnosti Bosne i Hercegovine&nbsp;&nbsp;Josipa&nbsp;Broza&nbsp;Tita. Voljeli ga ili ne voljeli nijedna li\u010dnost na Balkanu a po&nbsp;nekim&nbsp;mi\u0161ljenjima&nbsp;i mnogo \u0161ire &nbsp;nije obilje\u017eila XX vijek &nbsp;kao \u0161to je to Tito.&nbsp;To je pokazala njegova sahrana 08. maja 1980. godine koja je [&hellip;]<\/p>\n","protected":false},"author":59,"featured_media":28194,"comment_status":"closed","ping_status":"closed","sticky":false,"template":"","format":"standard","meta":{"inline_featured_image":false,"footnotes":""},"categories":[376,47,46,53],"tags":[],"class_list":{"0":"post-28193","1":"post","2":"type-post","3":"status-publish","4":"format-standard","5":"has-post-thumbnail","7":"category-featured","8":"category-historija","9":"category-kultura","10":"category-magazin"},"acf":[],"_links":{"self":[{"href":"https:\/\/tvsensor.com\/api\/wp\/v2\/posts\/28193","targetHints":{"allow":["GET"]}}],"collection":[{"href":"https:\/\/tvsensor.com\/api\/wp\/v2\/posts"}],"about":[{"href":"https:\/\/tvsensor.com\/api\/wp\/v2\/types\/post"}],"author":[{"embeddable":true,"href":"https:\/\/tvsensor.com\/api\/wp\/v2\/users\/59"}],"replies":[{"embeddable":true,"href":"https:\/\/tvsensor.com\/api\/wp\/v2\/comments?post=28193"}],"version-history":[{"count":5,"href":"https:\/\/tvsensor.com\/api\/wp\/v2\/posts\/28193\/revisions"}],"predecessor-version":[{"id":28203,"href":"https:\/\/tvsensor.com\/api\/wp\/v2\/posts\/28193\/revisions\/28203"}],"wp:featuredmedia":[{"embeddable":true,"href":"https:\/\/tvsensor.com\/api\/wp\/v2\/media\/28194"}],"wp:attachment":[{"href":"https:\/\/tvsensor.com\/api\/wp\/v2\/media?parent=28193"}],"wp:term":[{"taxonomy":"category","embeddable":true,"href":"https:\/\/tvsensor.com\/api\/wp\/v2\/categories?post=28193"},{"taxonomy":"post_tag","embeddable":true,"href":"https:\/\/tvsensor.com\/api\/wp\/v2\/tags?post=28193"}],"curies":[{"name":"wp","href":"https:\/\/api.w.org\/{rel}","templated":true}]}}