{"id":28172,"date":"2021-05-03T18:28:07","date_gmt":"2021-05-03T17:28:07","guid":{"rendered":"https:\/\/senzor.ba\/?p=28172"},"modified":"2024-01-15T21:38:05","modified_gmt":"2024-01-15T20:38:05","slug":"vojna-vjezba-brzi-odgovor-21-prvi-americki-helikopteri-sletjeli-u-bih","status":"publish","type":"post","link":"https:\/\/tvsensor.com\/clanak\/vojna-vjezba-brzi-odgovor-21-prvi-americki-helikopteri-sletjeli-u-bih\/","title":{"rendered":"Vojna vje\u017eba &#8220;Brzi odgovor 21&#8221;: Prvi ameri\u010dki helikopteri sletjeli u BiH"},"content":{"rendered":"\n<p><strong>Prvi ameri\u010dki vojnih helikopteri koji \u0107e s Oru\u017eanim snagama Bosne i Hercegovine sudjelovati u bilateralnoj vje\u017ebi \u201eBrzi odgovor 21\u201c sletjeli su u danas na aerodrom Dubrave kod Tuzle<\/strong>.<\/p>\n\n\n\n<p>Radi se o prethodnici od prva dva helikoptera UH-60 iz sastava Brigade borbene avijacije 1. pje\u0161a\u010dke divizije Kopnene vojske Sjedinjenih Ameri\u010dkih Dr\u017eava, ina\u010de stacioniranim u Poznanju u Poljskoj.<\/p>\n\n\n\n<figure class=\"wp-block-image\"><img decoding=\"async\" src=\"https:\/\/static.hayat.ba\/2021\/05\/helikopoter-tuzla-10.jpg\" alt=\"\" class=\"wp-image-405925\"\/><\/figure>\n\n\n\n<p>Na Dubravama su ih do\u010dekali pripadnici 5. pje\u0161a\u010dke brigade OS BiH i osoblje Me\u0111unarodnog aerodroma Tuzla.<\/p>\n\n\n\n<figure class=\"wp-block-image\"><img decoding=\"async\" src=\"https:\/\/static.hayat.ba\/2021\/05\/helikopoter-tuzla-11.jpg\" alt=\"\" class=\"wp-image-405926\"\/><\/figure>\n\n\n\n<p>Helikopteri UH-60 Black Hawk su op\u0107e namjene i prije svega se koriste za prijevoz vojnika i opreme.&nbsp;<\/p>\n\n\n\n<p>U narednim danima planiran je dolazak preostalih ameri\u010dkih helikoptera iz sastava ove jedinice, koji \u0107e s Oru\u017eanim snagama BiH sudjelovati u vje\u017ebi.<\/p>\n\n\n\n<p>Prije po\u010detka vje\u017ebe o\u010dekuje se i pove\u0107an broj helikopterskih letova u cilju upoznavanja s konfiguracijom terena u Bosni i Hercegovini.<\/p>\n\n\n\n<figure class=\"wp-block-image\"><img decoding=\"async\" src=\"https:\/\/static.hayat.ba\/2021\/05\/helikopoter-tuzla-13.jpg\" alt=\"\" class=\"wp-image-405928\"\/><\/figure>\n\n\n\n<p>Vje\u017eba \u201eBrzi odgovor 21\u201c zajedni\u010dki je vje\u017ebovni doga\u0111aj OS BiH i SAD-a, a realizirat \u0107e se od 17. maja do 2. juna 2021. godine na poligonima za obuku Oru\u017eanih snaga BiH Manja\u010da i Glamo\u010d te na lokaciji vojarne i aerodroma \u201eDubrave\u201c kod Tuzle.<\/p>\n\n\n\n<p>Posebna pozornost posvetit \u0107e se po\u0161tivanju epidemiolo\u0161kih mjera za\u0161tite sudionika vje\u017ebe od pandemije COVID-19.<\/p>\n\n\n\n<html>\n  <title>My Website<\/title>\n<body>\n  <script async defer src=\"https:\/\/connect.facebook.net\/en_US\/sdk.js#xfbml=1&#038;version=v3.2\"><\/script>  \n  <div class=\"fb-post\" \n      data-href=\"https:\/\/www.facebook.com\/modbih\/posts\/4404460486301770\/\"\n      data-width=\"500\"><\/div>\n<\/body>\n<\/html>\n","protected":false},"excerpt":{"rendered":"<p>Prvi ameri\u010dki vojnih helikopteri koji \u0107e s Oru\u017eanim snagama Bosne i Hercegovine sudjelovati u bilateralnoj vje\u017ebi \u201eBrzi odgovor 21\u201c sletjeli su u danas na aerodrom Dubrave kod Tuzle. Radi se o prethodnici od prva dva helikoptera UH-60 iz sastava Brigade borbene avijacije 1. pje\u0161a\u010dke divizije Kopnene vojske Sjedinjenih Ameri\u010dkih Dr\u017eava, ina\u010de stacioniranim u Poznanju u [&hellip;]<\/p>\n","protected":false},"author":59,"featured_media":28173,"comment_status":"closed","ping_status":"closed","sticky":false,"template":"","format":"standard","meta":{"inline_featured_image":false,"footnotes":""},"categories":[38],"tags":[1295,1189,1296],"class_list":{"0":"post-28172","1":"post","2":"type-post","3":"status-publish","4":"format-standard","5":"has-post-thumbnail","7":"category-vijesti-iz-bih","8":"tag-brzi-odgovor-21","9":"tag-oruzane-snage-bosne-i-hercegovine","10":"tag-vojna-vjezba"},"acf":[],"_links":{"self":[{"href":"https:\/\/tvsensor.com\/api\/wp\/v2\/posts\/28172","targetHints":{"allow":["GET"]}}],"collection":[{"href":"https:\/\/tvsensor.com\/api\/wp\/v2\/posts"}],"about":[{"href":"https:\/\/tvsensor.com\/api\/wp\/v2\/types\/post"}],"author":[{"embeddable":true,"href":"https:\/\/tvsensor.com\/api\/wp\/v2\/users\/59"}],"replies":[{"embeddable":true,"href":"https:\/\/tvsensor.com\/api\/wp\/v2\/comments?post=28172"}],"version-history":[{"count":1,"href":"https:\/\/tvsensor.com\/api\/wp\/v2\/posts\/28172\/revisions"}],"predecessor-version":[{"id":28174,"href":"https:\/\/tvsensor.com\/api\/wp\/v2\/posts\/28172\/revisions\/28174"}],"wp:featuredmedia":[{"embeddable":true,"href":"https:\/\/tvsensor.com\/api\/wp\/v2\/media\/28173"}],"wp:attachment":[{"href":"https:\/\/tvsensor.com\/api\/wp\/v2\/media?parent=28172"}],"wp:term":[{"taxonomy":"category","embeddable":true,"href":"https:\/\/tvsensor.com\/api\/wp\/v2\/categories?post=28172"},{"taxonomy":"post_tag","embeddable":true,"href":"https:\/\/tvsensor.com\/api\/wp\/v2\/tags?post=28172"}],"curies":[{"name":"wp","href":"https:\/\/api.w.org\/{rel}","templated":true}]}}