{"id":28164,"date":"2021-05-03T14:42:18","date_gmt":"2021-05-03T13:42:18","guid":{"rendered":"https:\/\/senzor.ba\/?p=28164"},"modified":"2024-01-15T21:38:05","modified_gmt":"2024-01-15T20:38:05","slug":"28164-2","status":"publish","type":"post","link":"https:\/\/tvsensor.com\/clanak\/28164-2\/","title":{"rendered":"Lo\u0161e stanje slobode medija u BiH: Ve\u0107ina napada i prijetnji stiglo od politi\u010dara"},"content":{"rendered":"\n<p>Svjetski dan slobode medija obilje\u017eava se svake godine 3. maja od 1993. godine kad ga je proglasila Glavna skup\u0161tina Ujedinjenih naroda.<\/p>\n\n\n\n<p>Obilje\u017eava se na godi\u0161njicu Windhoe\u0161ke deklaracije, izjave o principima slobodnih medija koju je sastavila grupa afri\u010dkih novinara 1991. godine u Windhoeku, u Namibiji, s jedinstvenom vizijom \u2013 za\u0161tititi temeljna prava slobode medija.<\/p>\n\n\n\n<p>Danas, Reporteri bez granica (RSF) u svom godi\u0161njem izvje\u0161taju Svjetski indeks slobode medija upozoravaju da je do\u0161lo do dramati\u010dnog pada slobode medija od po\u010detka pandemije COVID-19 \u0161irom svijeta.<\/p>\n\n\n\n<p><strong>Svjetski indeks<\/strong><\/p>\n\n\n\n<p>Novi Svjetski indeks slobode medija, objavljen 20. aprila, procijenio je situaciju u medijima tokom 2020. u 180 zemalja, a zaklju\u010dak je da 73 posto njih ima ozbiljne probleme s medijskim slobodama.<\/p>\n\n\n\n<p>Po rangiranju indeksa slobode medija, na prvom mjestu nalazi Norve\u0161ka, dok je Eritreja na posljednjem 180. mjestu.<\/p>\n\n\n\n<p>Hrvatska je napredovala za tri pozicije i nalazi se na 56. mjestu, a BiH je i dalje na 58. mjestu. Srbija je na 93. mjestu, Crna Gora na 104. mjestu, Sjeverna Makedonija je na 90. mjestu, \u0161to je skok od dva polja od pro\u0161log izvje\u0161taja, dok je Albanija na 83. mjestu, a Kosovo se nalazi na 78. mjestu i bilje\u017ei pad od osam mjesta po pitanju slobode medija.<\/p>\n\n\n\n<p>Zemlje zapadnog Balkana nalaze se u narand\u017eastoj zoni \u0161to je ocjenjeno kao \u201clo\u0161e\u201d stanje sloboda medija.<\/p>\n\n\n\n<p>Predsjednik Skup\u0161tine Dru\u0161tva novinara BiH Du\u0161an Musa ocijenio je da je u ovom trenutku stanje medija u Bosni i Hercegovini vrlo slo\u017eeno te da su zbog zna\u010dajnog pada prihoda od ogla\u0161avanja novinari dovedeni u te\u0161ku materijalnu situaciju. Prema nekim procjenama, prihodi medijskih ku\u0107a manji su od 20 do \u010dak 80 posto.<\/p>\n\n\n\n<p>Nagla\u0161ava kako su posebno na \u201cudaru\u201d novinari- honorarci.<\/p>\n\n\n\n<p><strong>Progon novinara<\/strong><\/p>\n\n\n\n<p>\u0160to se ti\u010de tu\u017ebi protiv medija i novinara, Musa isti\u010de kako ima dosta sudskih progona novinara koji su i dalje u svom poslu neshva\u0107eni te se smatraju svojevrsnim neprijateljima.<\/p>\n\n\n\n<p>Spomenuo je i jedno od istra\u017eivanja u kojem je 20 posto gra\u0111ana BiH smatralo da novinare treba pretu\u0107i.<\/p>\n\n\n\n<p>Generalna tajnica Udru\u017eenja BH novinari Borka Rudi\u0107 istakla je da su se u posljednjih godinu dana pove\u0107ale prijetnje i pritisci na novinare i druge medijske profesionalce za 23 posto u odnosnu na 2019. godinu. Dodala je da trend neka\u017enjivosti napada\u010da i onih koji prijete novinarima i dalje visok te da se \u010dak dvije tre\u0107ine napada na novinare ne procesuira.<\/p>\n\n\n\n<p>Posebno je zabrinjava porast online prijetnji i nasilja, organizovanih hajki i govora mr\u017enje.<\/p>\n\n\n\n<p>Indikativan je i podatak, dodala je, da je u posljednje tri godine vi\u0161e od 40 posto novinara u lokalnim medijima bilo izlo\u017eeno napadima ili prijetnjama, a da je 75 posto njih to do\u017eivjelo od politi\u010dara ili nositelja javnih funkcija.<\/p>\n\n\n\n<p>Rudi\u0107 nagla\u0161ava da je bh. zakonodavstvo i sada u skladu sa EU standardima, da \u0161titi medijske slobode i individualna prava novinara, \u0161to daje la\u017enu sliku napretka BiH u toj oblasti, kao i visoke pozicije na listama svjetskih organizacija za slobodu medija.<\/p>\n\n\n\n<p>Istakla je da novinari i drugi medijski djelatnici nisu bili na listama kriznih \u0161tabova i lokalnih vlasti za dobijanje maski, rukavica, dezinfekcionih sredstva, da nisu ni sada na listi prioriteta za vakcinaciju u Federaciji BiH.<\/p>\n\n\n\n<p>&#8211;  Ovom popisu treba dodati da je BiH jedina dr\u017eava zapadnog Balkana koja nije odobrila posebne pakete pomo\u0107i medijima u savladavanju negativnih ekonomskih posljedica pandemije. Na\u0161e vlasti su se oglu\u0161ile i na preporuku Institucije ombudsmena za ljudska prava da prona\u0111u modalitete izdvajanja sredstava iz penzionog i socijalnog osiguranja za novinarke i medijske radnice koje su izgubile posao ili se bave privremenim i povremenim poslovima \u2013 istakla je.<\/p>\n\n\n\n<p><strong>Bahato pona\u0161anje<\/strong><\/p>\n\n\n\n<p>Rudi\u0107 je kazala i da bahatom pona\u0161anju bh. vlasti nema kraja, iako i danas novinari rade po 12 sati dnevno i nalaze se me\u0111u profesijama koje danono\u0107no poma\u017eu gra\u0111anima da se lak\u0161e nose sa posljedicama pandemije.<\/p>\n\n\n\n<p>Predsjednica Dru\u0161tva hrvatskih novinara u BiH i zamjenica glavnog urednika Ve\u010dernjeg lista BiH Valentina Rup\u010di\u0107 rekla je da se zbog pandemije koronavirusa tr\u017ei\u0161na i materijalna pozicija mnogih medija drasti\u010dno pogor\u0161ala.<\/p>\n\n\n\n<p>&#8211; Nama u prilog svakako ne ide ni politi\u010dka situacija, me\u0111unacionalne tenzije pa i izostanak solidarnosti unutar profesije. Osim toga, treba uvijek nagla\u0161avati da medijske slobode nose i odgovornost za profesionalno i ta\u010dno izvje\u0161tavanje, a to se kod nas u BiH \u010desto kod mnogih zaboravlja \u2013 poru\u010dila je.<\/p>\n\n\n\n<p>Rup\u010di\u0107 smatra da \u0107e se ekonomske posljedice prouzrokovane pandemijom jo\u0161 dugo osje\u0107ati u bh. medijima, a upitan je i opstanak mnogih od njih.<\/p>\n\n\n\n<p>Izvr\u0161na direktorica Vije\u0107u za \u0161tampu u Bosni i Hercegovini D\u017eenana Burek je u povodu Svjetskog dana slobode medija izjavila, izme\u0111u ostalog, da na\u017ealost institucije na svim nivoima ne \u017eele uva\u017eiti krucijalnu ulogu medija u demokratskim sistemima, posebno u kriznim situacijama kakva je pandemija kada je objektivno, blagovremeno i ta\u010dno informiranje javnosti od ogromnog zna\u010daja, pa i za spa\u0161avanje ljudskih \u017eivota.<\/p>\n\n\n\n<p>Istovremeno, smatra Burek, neke institucije vlasti i politi\u010dki subjekti iskoristili su krizno komuniciranje kako bi izbjegli po njih neugodna novinarska pitanja, a neki od njih nisu organizirali press-konferencije u skladu sa va\u017ee\u0107im epidemiolo\u0161kim mjerama.<\/p>\n\n\n\n<p><strong>Srozana vrijednost<\/strong><\/p>\n\n\n\n<p>&#8211; Novinari i medijski radnici, na drugoj strani, nisu se \u0161tedjeli i \u010desto su riskirali svoje zdravlje zarad plemenite misije \u017eurnalizma \u2013 zaklju\u010dila je Burek.<\/p>\n\n\n\n<p>Predsjednik Udru\u017eenja novinara Republike Srpske Danijel Simi\u0107 kazao je da uslovi na tr\u017ei\u0161tu \u201csrozavaju\u201d vrijednost \u0161kolovanog i iskusnog novinara po pravilima profesije.<\/p>\n\n\n\n<p>&#8211; Prvo su zbog kresanja tro\u0161kova otkaze u redakcijama dobijali lektori, a sada kada je pravopis nikog ne zanima, novinari su prinu\u0111eni da postaju multimedijalni. Tako se \u010desto od novinara o\u010dekuje da bude i producent i realizator i fotograf i snimatelj i ton majstor, pa tek onda ono \u0161to je njegova primarna du\u017enost \u2013 kazao je Simi\u0107 za Fenu.<\/p>\n","protected":false},"excerpt":{"rendered":"<p>Svjetski dan slobode medija obilje\u017eava se svake godine 3. maja od 1993. godine kad ga je proglasila Glavna skup\u0161tina Ujedinjenih naroda. Obilje\u017eava se na godi\u0161njicu Windhoe\u0161ke deklaracije, izjave o principima slobodnih medija koju je sastavila grupa afri\u010dkih novinara 1991. godine u Windhoeku, u Namibiji, s jedinstvenom vizijom \u2013 za\u0161tititi temeljna prava slobode medija. Danas, Reporteri [&hellip;]<\/p>\n","protected":false},"author":59,"featured_media":28165,"comment_status":"closed","ping_status":"closed","sticky":false,"template":"","format":"standard","meta":{"inline_featured_image":false,"footnotes":""},"categories":[46],"tags":[1293,1292,1294],"class_list":{"0":"post-28164","1":"post","2":"type-post","3":"status-publish","4":"format-standard","5":"has-post-thumbnail","7":"category-kultura","8":"tag-novinari","9":"tag-svjetski-dan-slobode-medija","10":"tag-zurnalistika"},"acf":[],"_links":{"self":[{"href":"https:\/\/tvsensor.com\/api\/wp\/v2\/posts\/28164","targetHints":{"allow":["GET"]}}],"collection":[{"href":"https:\/\/tvsensor.com\/api\/wp\/v2\/posts"}],"about":[{"href":"https:\/\/tvsensor.com\/api\/wp\/v2\/types\/post"}],"author":[{"embeddable":true,"href":"https:\/\/tvsensor.com\/api\/wp\/v2\/users\/59"}],"replies":[{"embeddable":true,"href":"https:\/\/tvsensor.com\/api\/wp\/v2\/comments?post=28164"}],"version-history":[{"count":2,"href":"https:\/\/tvsensor.com\/api\/wp\/v2\/posts\/28164\/revisions"}],"predecessor-version":[{"id":28167,"href":"https:\/\/tvsensor.com\/api\/wp\/v2\/posts\/28164\/revisions\/28167"}],"wp:featuredmedia":[{"embeddable":true,"href":"https:\/\/tvsensor.com\/api\/wp\/v2\/media\/28165"}],"wp:attachment":[{"href":"https:\/\/tvsensor.com\/api\/wp\/v2\/media?parent=28164"}],"wp:term":[{"taxonomy":"category","embeddable":true,"href":"https:\/\/tvsensor.com\/api\/wp\/v2\/categories?post=28164"},{"taxonomy":"post_tag","embeddable":true,"href":"https:\/\/tvsensor.com\/api\/wp\/v2\/tags?post=28164"}],"curies":[{"name":"wp","href":"https:\/\/api.w.org\/{rel}","templated":true}]}}