{"id":28022,"date":"2021-05-02T19:47:51","date_gmt":"2021-05-02T18:47:51","guid":{"rendered":"https:\/\/senzor.ba\/?p=28022"},"modified":"2024-01-15T21:38:07","modified_gmt":"2024-01-15T20:38:07","slug":"rukometna-reprezentacija-bih-plasirala-se-na-evropsko-prvenstvo","status":"publish","type":"post","link":"https:\/\/tvsensor.com\/clanak\/rukometna-reprezentacija-bih-plasirala-se-na-evropsko-prvenstvo\/","title":{"rendered":"Rukometna reprezentacija BiH plasirala se na Evropsko prvenstvo"},"content":{"rendered":"\n<p>Rukometna reprezentacija Bosne i Hercegovine ostvarila je plasman na Evropsko prvenstvo 2022. godine, iako je danas u Grazu pora\u017eena od selekcije Austrije rezultatom 27:23, javlja Anadolu Agency (AA).<\/p>\n\n\n\n<p>BiH je nakon dana\u0161njeg poraza od Austrije ipak se uspjela kao jedna od \u010detiri najbolje tre\u0107eplasirane selekcije ostvariti plasman na Evropsko prvenstvo, koje se igra u Ma\u0111arskoj i Slova\u010dkoj, u januaru naredne godine.<\/p>\n\n\n\n<p>Definitivno bolji ulazak Austrije u susret, koja nakon pet minuta igre ima vodstvo od 3:1. Nikola Prce je isklju\u010den na dva minuta.<\/p>\n\n\n\n<p>Austrijanci dosta konkretniji i u napadu i odbrani. U 22. minuti BiH na dvije minute ostaje i bez Senjamina Buri\u0107a, Austrija vodi 11:7.<\/p>\n\n\n\n<p>U nastavku ne\u0161to bolja partija BiH, u redovima \u201ezmajeva\u201c isti\u010de sjajni Ivan Kara\u010di\u0107, koji nakon jako lijepe akcije bilje\u017ei svoj tre\u0107i pogodak, smanjuje razliku na tri.<\/p>\n\n\n\n<p>Iako se ona povremeno smanjivala, Austrijanci su od samog po\u010detka uspijevali zadr\u017eati razliku od \u010detiri gola, a tako je okon\u010dano i prvo poluvrijeme, 15:11.<\/p>\n\n\n\n<p>Selektor Ivica Obrvan zasigurno ne mo\u017ee biti zadovoljan onim \u0161to su bh. reprezentativci pokazali u prvom poluvremenu, a nezadovoljstvo selektora BiH moglo se primijetiti i na prvom pozvanom time-outu.<\/p>\n\n\n\n<p>BiH u drugom poluvremenu nije uspjela pokazati ne\u0161to bolju igru od prvog dijela utakmice. Nakon dugo vremena BiH uspijeva smanjiti razliku na \u010detiri gola u 26. minuti. Susret je okon\u010dan rezultatom 27:23.<\/p>\n\n\n\n<p>Najefikasniji u BiH bio je Ibrahim Haselji\u0107, koji je postigao \u0161est golova.<\/p>\n","protected":false},"excerpt":{"rendered":"<p>Rukometna reprezentacija Bosne i Hercegovine ostvarila je plasman na Evropsko prvenstvo 2022. godine, iako je danas u Grazu pora\u017eena od selekcije Austrije rezultatom 27:23, javlja Anadolu Agency (AA). BiH je nakon dana\u0161njeg poraza od Austrije ipak se uspjela kao jedna od \u010detiri najbolje tre\u0107eplasirane selekcije ostvariti plasman na Evropsko prvenstvo, koje se igra u Ma\u0111arskoj [&hellip;]<\/p>\n","protected":false},"author":59,"featured_media":28024,"comment_status":"closed","ping_status":"closed","sticky":false,"template":"","format":"standard","meta":{"inline_featured_image":false,"footnotes":""},"categories":[235],"tags":[],"class_list":{"0":"post-28022","1":"post","2":"type-post","3":"status-publish","4":"format-standard","5":"has-post-thumbnail","7":"category-rukomet"},"acf":[],"_links":{"self":[{"href":"https:\/\/tvsensor.com\/api\/wp\/v2\/posts\/28022","targetHints":{"allow":["GET"]}}],"collection":[{"href":"https:\/\/tvsensor.com\/api\/wp\/v2\/posts"}],"about":[{"href":"https:\/\/tvsensor.com\/api\/wp\/v2\/types\/post"}],"author":[{"embeddable":true,"href":"https:\/\/tvsensor.com\/api\/wp\/v2\/users\/59"}],"replies":[{"embeddable":true,"href":"https:\/\/tvsensor.com\/api\/wp\/v2\/comments?post=28022"}],"version-history":[{"count":2,"href":"https:\/\/tvsensor.com\/api\/wp\/v2\/posts\/28022\/revisions"}],"predecessor-version":[{"id":28026,"href":"https:\/\/tvsensor.com\/api\/wp\/v2\/posts\/28022\/revisions\/28026"}],"wp:featuredmedia":[{"embeddable":true,"href":"https:\/\/tvsensor.com\/api\/wp\/v2\/media\/28024"}],"wp:attachment":[{"href":"https:\/\/tvsensor.com\/api\/wp\/v2\/media?parent=28022"}],"wp:term":[{"taxonomy":"category","embeddable":true,"href":"https:\/\/tvsensor.com\/api\/wp\/v2\/categories?post=28022"},{"taxonomy":"post_tag","embeddable":true,"href":"https:\/\/tvsensor.com\/api\/wp\/v2\/tags?post=28022"}],"curies":[{"name":"wp","href":"https:\/\/api.w.org\/{rel}","templated":true}]}}