{"id":27904,"date":"2021-05-02T15:25:58","date_gmt":"2021-05-02T14:25:58","guid":{"rendered":"https:\/\/senzor.ba\/?p=27904"},"modified":"2024-01-15T21:38:08","modified_gmt":"2024-01-15T20:38:08","slug":"vratio-se-iz-svedske-i-pokrenuo-biznis-i-bih-ima-kvalitetne-mlade-kadrove","status":"publish","type":"post","link":"https:\/\/tvsensor.com\/clanak\/vratio-se-iz-svedske-i-pokrenuo-biznis-i-bih-ima-kvalitetne-mlade-kadrove\/","title":{"rendered":"Vratio se iz \u0160vedske i pokrenuo biznis: I BiH ima kvalitetne mlade kadrove"},"content":{"rendered":"\n<p>Mnogo je pri\u010da dostupnih javnosti o mladim ljudima iz Bosne i Hercegovine koji su \u0161irom svijeta uspje\u0161ni u raznim oblastima. Brojni su domovinu napustili kao djeca, bje\u017ee\u0107i od rata, neki su se u inostranstvu rodili i odrasli, a veliki broj je i onih koji su diplome stekli u BiH, ali su zbog lo\u0161e perspektive sre\u0107u potra\u017eili u inostranstvu.<\/p>\n\n\n\n<p>No, postoje primjeri mladih Bosanaca i Hercegovaca koji su se iz svijeta vratili u domovinu i zapo\u010deli biznise u kojima su danas uspje\u0161ni.<\/p>\n\n\n\n<p>Senad \u0160anti\u0107 djetinjstvo je proveo u \u0160vedskoj, nakon \u0161to je sa roditeljima izbjegao iz Mostara, a prije pet godina vratio se u rodni grad i otvorio firmu koja je danas jedna od najuspje\u0161nijih IT kompanija u zemlji. Rije\u010d je o firmi koja se bavi izradom web i mobilnih aplikacija, uglavnom za \u0161vedsko tr\u017ei\u0161te i koja u ovom trenutku zapo\u0161ljava 50 mladih ljudi.<\/p>\n\n\n\n<p><strong>&#8211; Odlazak iz \u0160vedske &#8211;<\/strong><\/p>\n\n\n\n<p>\u201cJo\u0161 u djetinjstvu po\u010deo sam razmi\u0161ljati o povratku u Mostar. Volio sam vrijeme provoditi ovdje tokom ljeta i jo\u0161 tih godina pojavila se ideja da bih uz pomo\u0107 interneta prakti\u010dno mogao raditi na jednom, a \u017eivjeti na drugom mjestu. Imao sam ideju zaposliti se u \u0160vedskoj u nekoj firmi, a zatim preseliti u Bosnu i Hercegovinu i preko interneta posao obavljati ovdje. Nakon nekoliko godina iskustva u \u0160vedskoj odlu\u010dio sam napokon to i isprobati. Znao sam da moram ne\u0161to prona\u0107i i napraviti kako bih imao kvalitetan \u017eivot i u Bosni i Hercegovini, te da istovremeno doprinesem razvoju na\u0161eg dru\u0161tva. U novembru 2016. spakovao sam kofere, sjeo s ocem u automobil i do\u0161ao u Mostar kako bih pokrenuo kompaniju koju sam nazvao ZenDev\u201d, zapo\u010dinje pri\u010du za Anadolu Agency (AA) ovaj mladi poduzetnik.<\/p>\n\n\n\n<p>Priznaje da je odluku lak\u0161e donio znaju\u0107i da mjesto u kojem se radi nije mnogo va\u017eno za vrstu djelatnosti za koju se opredijelio. Znao je i da je Bosna i Hercegovina dr\u017eava u kojoj je perspektiva mnogo lo\u0161ija u odnosu na \u0160vedsku.<\/p>\n\n\n\n<p>\u201cFirma je konsultantska i bilo je pitanje samo da li \u0107u uspjeti prona\u0107i kvalitetne ljude koji bi radili posao na nivou onoga \u0161to o\u010dekuju klijenti iz \u0160vedske. To je ustvari bio jedini rizik, ali sam ubrzo shvatio da mladi ljudi u Bosni i Hercegovini nisu manje sposobni od vr\u0161njaka u \u0160vedskoj ili u SAD-u, gdje sam tako\u0111er proveo godinu rade\u0107i. Poduzetni\u0161tvo je na svim dijelovima planete na neki na\u010din rizi\u010dno, ali nisam imao dilemu\u201d, nastavlja \u0160anti\u0107.<\/p>\n\n\n\n<p>Njegova firma danas uspje\u0161no posluje i redovno izmiruje sve svoje obaveze prema dr\u017eavi.<\/p>\n\n\n\n<p><strong>&#8211; \u017deli pro\u0161iriti poslovanje &#8211;<\/strong><\/p>\n\n\n\n<p>\u201cU po\u010detku je bilo pote\u0161ko\u0107a, jer svaki po\u010detak valjda mora biti te\u017eak. Sve u svemu, veoma sam zadovoljan. U martu smo zaposlili novih 15 ljudi, brzo rastemo i potra\u017enja za uslugama ve\u0107a je nego ikada. U budu\u0107nosti namjeravamo \u0161iriti konsultantski dio poslovanja, a imamo planove i ve\u0107 smo u procesu realizacije projekta u sklopu kojeg \u0107emo praviti svoja softverska rje\u0161enja, uz ambicije da to jednog dana prodajemo, a ne da nudimo samo konsultantske sate. Na taj na\u010din ne \u017eelimo samo da ZenDev u\u010dinimo stabilnijim, ve\u0107 i da poka\u017eemo generacijama koje dolaze da je mogu\u0107e u malom gradu i maloj zemlji praviti proizvode koji \u0107e biti kori\u0161teni i priznati u svijetu\u201d, isti\u010de \u0160anti\u0107.<\/p>\n\n\n\n<p>Naredni korak njegove kompanije \u0107e biti pokretanje inkubatora koji \u0107e biti od pomo\u0107i mladim ljudima kako bi realizirali svoje poslovne ideje.<\/p>\n\n\n\n<p>\u201cTo \u0107e im pomo\u0107i da razviju posao i otvoriti im mogu\u0107nost da proizvode plasiraju na strana tr\u017ei\u0161ta\u201d, dodaje \u0160anti\u0107.<\/p>\n\n\n\n<p>Brat Reno u Mostar se vratio prije Senada, a u njihovoj namjeri da se vrate u domovinu podr\u017eali su ih i roditelji.<\/p>\n\n\n\n<p>\u201cOni tako\u0111er planiraju da se vrate ve\u0107 naredne godine\u201d, ka\u017ee na kraju razgovora.<\/p>\n","protected":false},"excerpt":{"rendered":"<p>Mnogo je pri\u010da dostupnih javnosti o mladim ljudima iz Bosne i Hercegovine koji su \u0161irom svijeta uspje\u0161ni u raznim oblastima. Brojni su domovinu napustili kao djeca, bje\u017ee\u0107i od rata, neki su se u inostranstvu rodili i odrasli, a veliki broj je i onih koji su diplome stekli u BiH, ali su zbog lo\u0161e perspektive sre\u0107u [&hellip;]<\/p>\n","protected":false},"author":59,"featured_media":27906,"comment_status":"closed","ping_status":"closed","sticky":false,"template":"","format":"standard","meta":{"inline_featured_image":false,"footnotes":""},"categories":[43,42],"tags":[],"class_list":{"0":"post-27904","1":"post","2":"type-post","3":"status-publish","4":"format-standard","5":"has-post-thumbnail","7":"category-bih","8":"category-ekonomija"},"acf":[],"_links":{"self":[{"href":"https:\/\/tvsensor.com\/api\/wp\/v2\/posts\/27904","targetHints":{"allow":["GET"]}}],"collection":[{"href":"https:\/\/tvsensor.com\/api\/wp\/v2\/posts"}],"about":[{"href":"https:\/\/tvsensor.com\/api\/wp\/v2\/types\/post"}],"author":[{"embeddable":true,"href":"https:\/\/tvsensor.com\/api\/wp\/v2\/users\/59"}],"replies":[{"embeddable":true,"href":"https:\/\/tvsensor.com\/api\/wp\/v2\/comments?post=27904"}],"version-history":[{"count":1,"href":"https:\/\/tvsensor.com\/api\/wp\/v2\/posts\/27904\/revisions"}],"predecessor-version":[{"id":27907,"href":"https:\/\/tvsensor.com\/api\/wp\/v2\/posts\/27904\/revisions\/27907"}],"wp:featuredmedia":[{"embeddable":true,"href":"https:\/\/tvsensor.com\/api\/wp\/v2\/media\/27906"}],"wp:attachment":[{"href":"https:\/\/tvsensor.com\/api\/wp\/v2\/media?parent=27904"}],"wp:term":[{"taxonomy":"category","embeddable":true,"href":"https:\/\/tvsensor.com\/api\/wp\/v2\/categories?post=27904"},{"taxonomy":"post_tag","embeddable":true,"href":"https:\/\/tvsensor.com\/api\/wp\/v2\/tags?post=27904"}],"curies":[{"name":"wp","href":"https:\/\/api.w.org\/{rel}","templated":true}]}}