{"id":278,"date":"2019-01-30T22:11:05","date_gmt":"2019-01-30T22:11:05","guid":{"rendered":"https:\/\/wh449638.ispot.cc\/?p=278"},"modified":"2024-01-15T21:50:22","modified_gmt":"2024-01-15T20:50:22","slug":"kuslat-stara-utvrda-i-u-njoj-dzamija-legenda-i-stvarnost-jednako-ocaravaju","status":"publish","type":"post","link":"https:\/\/tvsensor.com\/clanak\/kuslat-stara-utvrda-i-u-njoj-dzamija-legenda-i-stvarnost-jednako-ocaravaju\/","title":{"rendered":"Ku\u0161lat: Stara utvrda i u njoj d\u017eamija: Legenda i stvarnost jednako o\u010daravaju"},"content":{"rendered":"\n<p>Stara utvrda Ku\u0161lat i u njoj d\u017eamija ve\u0107 vijekovima izazivaju znati\u017eelju putnika kroz dolinu rijeke Drinja\u010de.<\/p>\n\n\n\n<p>D\u017eamija poti\u010de iz 15. vijeka iz vremena kad su Osmanlije osvajale Bosnu. Sagra\u0111ena na vrhu visoke stijene unutar utvrde, namijenjena je bila vjerskim potrebama osmanskih vojnih posada. To je specifi\u010dan objekat \u010diji su zidovi svjedoci gotovo 500 godina turbulentne bosanske historije. Zapaljena je u februaru 1993. godine.<br><br>Obnovljenja Ku\u0161lat d\u017eamija otvorena je 2013. godine. D\u017eamiju su sve\u010dano otvorili vakifi d\u017eamije doktor D\u017eemil Hujdurovi\u0107 i njegova supruga doktorica Senada, te zvorni\u010dki advokat Alija Efendi\u0107 koji ju je otvorio u svoje ime i ime svoje majke Hasibe.<\/p>\n\n\n\n<p>\u201cKompletne tro\u0161kove obnove, koji su iznosili oko 100.000 konvertibilnih maraka, snosile su ove \u010detiri osobe\u201d, kazao je predsjednik Med\u017elisa islamske zajednice Zvornik Mustafa Muharemovi\u0107 za AA.<\/p>\n\n\n\n<p>U pro\u0161losti je bila popularno mjesto ne samo za vjernike. Putnike namjernike privla\u010dile su i legende vezane za njen nastanak. Po rije\u010dima Mustafe Muharemovi\u0107a, tvr\u0111ava Ku\u0161lat je prije dolaska Osmanlija bila srednjovjekovni utvr\u0111en grad. Iz utvrde su \u0161ti\u0107eni karavani, ali i obi\u010dni putnici. Po dolasku Osmanlija izgra\u0111ena je d\u017eamija.<\/p>\n\n\n\n<p>Za nju putopisac Evlija \u010celebija ka\u017ee da je Ebul Fethova, \u0161to zna\u010di da je izgra\u0111ena za vladavine sultana Mehmeda II Osvaja\u010da.<\/p>\n\n\n\n<p>\u201cKu\u0161lat je imao strate\u0161ki zna\u010daj s obzirom na to da je bio na prometnici izme\u0111u Srebrenice i Zvornika, gdje su bili karavanski putevi. Ovuda je izvla\u010dena ruda iz Srebrenice\u201c, ka\u017ee Muharemovi\u0107.<\/p>\n\n\n\n<figure class=\"wp-block-image\"><img loading=\"lazy\" decoding=\"async\" width=\"680\" height=\"313\" src=\"https:\/\/wh449638.ispot.cc\/wp-content\/uploads\/2019\/01\/pano4.jpg\" alt=\"\" class=\"wp-image-279\" srcset=\"https:\/\/tvsensor.com\/wp-content\/uploads\/2019\/01\/pano4.jpg 680w, https:\/\/tvsensor.com\/wp-content\/uploads\/2019\/01\/pano4-300x138.jpg 300w, https:\/\/tvsensor.com\/wp-content\/uploads\/2019\/01\/pano4-500x230.jpg 500w, https:\/\/tvsensor.com\/wp-content\/uploads\/2019\/01\/pano4-585x269.jpg 585w\" sizes=\"auto, (max-width: 680px) 100vw, 680px\" \/><\/figure>\n\n\n\n<p>Nekoliko je verzija o tome kako je tvr\u0111ava Kula\u0161t dobila ime.<\/p>\n\n\n\n<p>Muharemovi\u0107 je pojasnio da naziv poti\u010de od imena bosanske plemi\u0107ke porodice Kur\u0161latovi\u0107a. No, u narodu je poznata i pri\u010da da je tvr\u0111ava Ku\u0161lat ime dobila po pti\u010djem gnijezdu. O historiji i posebnosti ove d\u017eamije svjedo\u010de zapisi u brojnim knjigama, ali i sje\u0107anje ljudi koji su je pohodili.<\/p>\n\n\n\n<p>Zasigurno je veli\u010dina duhovnosti i ljudskog vjerovanja bila zalog za o\u010duvanje svih ljepota ovog kraja, ali i temelj bolje budu\u0107nosti gradine Ku\u0161lat i d\u017eamije u njoj.<\/p>\n\n\n\n<p>Do d\u017eamije se mo\u017ee do\u0107i samo pje\u0161ice, iz pravca rijeke Pahljevi\u0107i.<\/p>\n","protected":false},"excerpt":{"rendered":"<p>Stara utvrda Ku\u0161lat i u njoj d\u017eamija ve\u0107 vijekovima izazivaju znati\u017eelju putnika kroz dolinu rijeke Drinja\u010de. D\u017eamija poti\u010de iz 15. vijeka iz vremena kad su Osmanlije osvajale Bosnu. Sagra\u0111ena na vrhu visoke stijene unutar utvrde, namijenjena je bila vjerskim potrebama osmanskih vojnih posada. To je specifi\u010dan objekat \u010diji su zidovi svjedoci gotovo 500 godina turbulentne [&hellip;]<\/p>\n","protected":false},"author":59,"featured_media":280,"comment_status":"open","ping_status":"closed","sticky":false,"template":"","format":"standard","meta":{"inline_featured_image":false,"footnotes":""},"categories":[47,46,57],"tags":[],"class_list":{"0":"post-278","1":"post","2":"type-post","3":"status-publish","4":"format-standard","5":"has-post-thumbnail","7":"category-historija","8":"category-kultura","9":"category-religija"},"acf":[],"_links":{"self":[{"href":"https:\/\/tvsensor.com\/api\/wp\/v2\/posts\/278","targetHints":{"allow":["GET"]}}],"collection":[{"href":"https:\/\/tvsensor.com\/api\/wp\/v2\/posts"}],"about":[{"href":"https:\/\/tvsensor.com\/api\/wp\/v2\/types\/post"}],"author":[{"embeddable":true,"href":"https:\/\/tvsensor.com\/api\/wp\/v2\/users\/59"}],"replies":[{"embeddable":true,"href":"https:\/\/tvsensor.com\/api\/wp\/v2\/comments?post=278"}],"version-history":[{"count":1,"href":"https:\/\/tvsensor.com\/api\/wp\/v2\/posts\/278\/revisions"}],"predecessor-version":[{"id":281,"href":"https:\/\/tvsensor.com\/api\/wp\/v2\/posts\/278\/revisions\/281"}],"wp:featuredmedia":[{"embeddable":true,"href":"https:\/\/tvsensor.com\/api\/wp\/v2\/media\/280"}],"wp:attachment":[{"href":"https:\/\/tvsensor.com\/api\/wp\/v2\/media?parent=278"}],"wp:term":[{"taxonomy":"category","embeddable":true,"href":"https:\/\/tvsensor.com\/api\/wp\/v2\/categories?post=278"},{"taxonomy":"post_tag","embeddable":true,"href":"https:\/\/tvsensor.com\/api\/wp\/v2\/tags?post=278"}],"curies":[{"name":"wp","href":"https:\/\/api.w.org\/{rel}","templated":true}]}}