{"id":27657,"date":"2021-04-29T20:41:59","date_gmt":"2021-04-29T19:41:59","guid":{"rendered":"https:\/\/senzor.ba\/?p=27657"},"modified":"2024-01-15T21:38:13","modified_gmt":"2024-01-15T20:38:13","slug":"obecanje-ludom-radovanje-tegeltija-obecao-da-ce-crkva-u-avliji-nane-fate-orlovic-biti-uklonjena","status":"publish","type":"post","link":"https:\/\/tvsensor.com\/clanak\/obecanje-ludom-radovanje-tegeltija-obecao-da-ce-crkva-u-avliji-nane-fate-orlovic-biti-uklonjena\/","title":{"rendered":"Obe\u0107anje ludom radovanje: Tegeltija obe\u0107ao da \u0107e crkva u avliji nane Fate Orlovi\u0107 biti uklonjena"},"content":{"rendered":"\n<p>Po\u010detkom ove godine predsjedavaju\u0107i Vije\u0107a ministara Bosne i Hercegovine Zoran Tegeltija izjavio je &#8220;da je proces uklanjanja nelegalno izgra\u0111ene pravoslavne crkve zaustavljen zbog pandemije koronavirusa i bit \u0107e nastavljen u prolje\u0107e ove godine&#8221;.<\/p>\n\n\n\n<p>O\u010dekujemo da \u0107e u prolje\u0107e ove godine biti zavr\u0161en kompletan proces izvr\u0161enja presude Evropskog suda za ljudska prava \u2013 kazao je tom prilikom Tegeltija.<br>Skoro \u010detiri mjeseca kasnije ni\u0161ta se konkretno nije uradilo po tom pitanju. Podsjetimo, Evropski sud za ljudska prava u Strazburu donio je 1. oktobra 2019. presudu kojom se nala\u017ee uklanjanje crkve iz dvori\u0161ta Fate Orlovi\u0107 u Konjevi\u0107 Polju.<\/p>\n\n\n\n<p>Tada je nagla\u0161eno sljede\u0107e: \u201cSud je zaklju\u010dio da odgovorna dr\u017eava treba da, bez odlaganja, a najkasnije u roku od tri mjeseca od kada ova presuda postane kona\u010dna, poduzme sve neophodne mjere kako bi osigurala izvr\u0161enje odluke\u201d.<br>No, ubrzo je uslijedila pandemija koronavirusa koja je vlastima u bh. entitetu Republika Srpska poslu\u017eila kao izgovor da za 19 mjeseci ne sprovedu presudu Suda. Nema nikakvih naznaka da \u0107e se to uskoro desiti, pi\u0161e Faktor.ba.<\/p>\n\n\n\n<p>Niko nas nije kontaktirao. Ni\u0161ta se ne de\u0161ava. O\u010dekivali smo da \u0107e se ispuniti silna obe\u0107anja, ali ni\u0161ta od toga \u2013 ka\u017ee nam Mirza Kari\u0107, zet nane Orlovi\u0107.<br>Dodao je da se nana Fata osje\u0107a dobro.<\/p>\n\n\n\n<p>Prima terapiju, nalazi se s nama ovdje u Srebreniku. I ona kao i mi i\u0161\u010dekuje vijesti iz Konjevi\u0107 Pollja \u2013 istakao je Kari\u0107.<br>U jednom od ranijih razgovara nana Fata nam je kazala:<br>Ka\u017eu, sve \u0107e biti gotovo na prolje\u0107e. Dobro, sa\u010dekat \u0107emo prolje\u0107e. Ako \u0161ta saznate, javite mi, da mi uzmete mu\u0161tuluk \u2013 poru\u010dila je u februaru nana Fata Orlovi\u0107.<br>Ni njen advokat Rusmir Karkin nije optimista.<\/p>\n\n\n\n<p>Nemamo nikakvih informacija da \u0107e se uskoro ne\u0161to po\u010deti de\u0161avati kada je u pitanju uklanjanje crkve. O\u010dito da ne postiji volja u RS-u da se to kona\u010dno u\u010dini. Mislim da je Sud u Strazburu trebao izvr\u0161iti pritisak na BiH i entitet RS kako bi se ovaj proces kona\u010dno zavr\u0161io.<br>Nisam optimista da \u0107emo uskoro \u010duti pozitivne vijesti. Vidite, Milorad Dodik tra\u017ei mirni razlaz u BiH, zato se ne treba \u010duditi nepo\u0161tivanju prava Bo\u0161njaka u RS-u koji je u tom dijelu na\u0161e dr\u017eave u manjini \u2013 nagla\u0161ava Karkin.<\/p>\n","protected":false},"excerpt":{"rendered":"<p>Po\u010detkom ove godine predsjedavaju\u0107i Vije\u0107a ministara Bosne i Hercegovine Zoran Tegeltija izjavio je &#8220;da je proces uklanjanja nelegalno izgra\u0111ene pravoslavne crkve zaustavljen zbog pandemije koronavirusa i bit \u0107e nastavljen u prolje\u0107e ove godine&#8221;. O\u010dekujemo da \u0107e u prolje\u0107e ove godine biti zavr\u0161en kompletan proces izvr\u0161enja presude Evropskog suda za ljudska prava \u2013 kazao je tom [&hellip;]<\/p>\n","protected":false},"author":59,"featured_media":27658,"comment_status":"closed","ping_status":"closed","sticky":false,"template":"","format":"standard","meta":{"inline_featured_image":false,"footnotes":""},"categories":[376,38],"tags":[1240,576],"class_list":{"0":"post-27657","1":"post","2":"type-post","3":"status-publish","4":"format-standard","5":"has-post-thumbnail","7":"category-featured","8":"category-vijesti-iz-bih","9":"tag-nana-fata-orlovic","10":"tag-zoran-tegeltija"},"acf":[],"_links":{"self":[{"href":"https:\/\/tvsensor.com\/api\/wp\/v2\/posts\/27657","targetHints":{"allow":["GET"]}}],"collection":[{"href":"https:\/\/tvsensor.com\/api\/wp\/v2\/posts"}],"about":[{"href":"https:\/\/tvsensor.com\/api\/wp\/v2\/types\/post"}],"author":[{"embeddable":true,"href":"https:\/\/tvsensor.com\/api\/wp\/v2\/users\/59"}],"replies":[{"embeddable":true,"href":"https:\/\/tvsensor.com\/api\/wp\/v2\/comments?post=27657"}],"version-history":[{"count":2,"href":"https:\/\/tvsensor.com\/api\/wp\/v2\/posts\/27657\/revisions"}],"predecessor-version":[{"id":27674,"href":"https:\/\/tvsensor.com\/api\/wp\/v2\/posts\/27657\/revisions\/27674"}],"wp:featuredmedia":[{"embeddable":true,"href":"https:\/\/tvsensor.com\/api\/wp\/v2\/media\/27658"}],"wp:attachment":[{"href":"https:\/\/tvsensor.com\/api\/wp\/v2\/media?parent=27657"}],"wp:term":[{"taxonomy":"category","embeddable":true,"href":"https:\/\/tvsensor.com\/api\/wp\/v2\/categories?post=27657"},{"taxonomy":"post_tag","embeddable":true,"href":"https:\/\/tvsensor.com\/api\/wp\/v2\/tags?post=27657"}],"curies":[{"name":"wp","href":"https:\/\/api.w.org\/{rel}","templated":true}]}}