{"id":27517,"date":"2021-04-27T15:27:34","date_gmt":"2021-04-27T14:27:34","guid":{"rendered":"https:\/\/senzor.ba\/?p=27517"},"modified":"2024-01-15T21:38:18","modified_gmt":"2024-01-15T20:38:18","slug":"uspjesni-privrednik-iz-kozarca-kandidat-platforme-za-progres-u-rs-u-na-narednim-izborima","status":"publish","type":"post","link":"https:\/\/tvsensor.com\/clanak\/uspjesni-privrednik-iz-kozarca-kandidat-platforme-za-progres-u-rs-u-na-narednim-izborima\/","title":{"rendered":"Uspje\u0161ni privrednik iz Kozarca kandidat Platforme za progres u RS-u na narednim izborima"},"content":{"rendered":"\n<p>Kandidata za potpredsjednika manjeg bh. entiteta predstavio je predsjednik Platforme za progres Mirsad Had\u017eikadi\u0107.<\/p>\n\n\n\n<p>Uspje\u0161ni privrednik iz Kozarca Jusuf Arifagi\u0107 novi je \u010dlan Predsjedni\u0161tva Platforme za progres i ujedno kandidat ove stranke za potpredsjednika Republike Srpske na narednim izborima, saop\u0107eno je danas na pres-konferenciji ove stranke.<\/p>\n\n\n\n<p>Kandidata za potpredsjednika RS-a predstavio je predsjednik Platforme za progres Mirsad Had\u017eikadi\u0107.<\/p>\n\n\n\n<p>&#8220;Patriotu, privrednika i \u010dovjeka u najboljem smislu te rije\u010di Jusufa Arifagi\u0107a predstavljam kao novog predsjednika Regionalnog odbora regije Vrbas. U isto vrijeme kao kandidata Platforme za progres za potpredsjednika RS-a iz reda bo\u0161nja\u010dkog naroda&#8221;, kazao jer predsjednik ove stranke Mirsad Had\u017eikadi\u0107.<\/p>\n\n\n\n<p>Had\u017eikadi\u0107 je istaknuo da \u0107e Arifagi\u0107, uspje\u0161an privrednik, koji se vratio iz Norve\u0161ke, biti osoba koja \u0107e povezivati, jer kako je istaknuo, on je pro\u0161ao strahote rata, ali je i osoba koja gradi mostove.<\/p>\n\n\n\n<p>Jusuf Arifagi\u0107 je kazao da se vratio iz Norve\u0161ke 2007. godine, jer je \u017eelio da doprinese odr\u017eivom povratku i u svom Kozarcu, koji je tad bio simbol povratka, pi\u0161e Fena.<\/p>\n\n\n\n<p>Tako je otvorio farmu koja se bavi uzgojem norve\u0161ke crvene krave i to se pokazalo uspje\u0161nim. Farma zapo\u0161ljava oko 40 ljudi, i to, kako je istaknuto na pres-konferenciji, povratnike i Bo\u0161njake i Srbe.<\/p>\n\n\n\n<p>&#8220;Mislim da je put izgradnje i povratka onoga \u0161to mi zovemo bosanskohercegova\u010dkom du\u0161om u tome da gradimo na\u0161u Bosnu i Hercegovinu. Da shvatimo da mi svi pripadamo njoj&#8221;, kazao je Arifagi\u0107.<\/p>\n\n\n\n<p>On je istaknuo da u RS-u nisu stvorene pretpostavke za odr\u017eivi povratak, nisu stvorena radna mjesta.<\/p>\n\n\n\n<p>Na dana\u0161njoj pres-konferenciji istaknut je i zna\u010daj zajedni\u010dkog nastupa probosanskih snaga u manjem bh. entitetu.<\/p>\n","protected":false},"excerpt":{"rendered":"<p>Kandidata za potpredsjednika manjeg bh. entiteta predstavio je predsjednik Platforme za progres Mirsad Had\u017eikadi\u0107. Uspje\u0161ni privrednik iz Kozarca Jusuf Arifagi\u0107 novi je \u010dlan Predsjedni\u0161tva Platforme za progres i ujedno kandidat ove stranke za potpredsjednika Republike Srpske na narednim izborima, saop\u0107eno je danas na pres-konferenciji ove stranke. Kandidata za potpredsjednika RS-a predstavio je predsjednik Platforme za [&hellip;]<\/p>\n","protected":false},"author":59,"featured_media":27518,"comment_status":"closed","ping_status":"closed","sticky":false,"template":"","format":"standard","meta":{"inline_featured_image":false,"footnotes":""},"categories":[234],"tags":[1194,417,1193],"class_list":{"0":"post-27517","1":"post","2":"type-post","3":"status-publish","4":"format-standard","5":"has-post-thumbnail","7":"category-politika","8":"tag-jusuf-arifagic","9":"tag-mirsad-hadzikadic","10":"tag-platforma-za-progres"},"acf":[],"_links":{"self":[{"href":"https:\/\/tvsensor.com\/api\/wp\/v2\/posts\/27517","targetHints":{"allow":["GET"]}}],"collection":[{"href":"https:\/\/tvsensor.com\/api\/wp\/v2\/posts"}],"about":[{"href":"https:\/\/tvsensor.com\/api\/wp\/v2\/types\/post"}],"author":[{"embeddable":true,"href":"https:\/\/tvsensor.com\/api\/wp\/v2\/users\/59"}],"replies":[{"embeddable":true,"href":"https:\/\/tvsensor.com\/api\/wp\/v2\/comments?post=27517"}],"version-history":[{"count":1,"href":"https:\/\/tvsensor.com\/api\/wp\/v2\/posts\/27517\/revisions"}],"predecessor-version":[{"id":27519,"href":"https:\/\/tvsensor.com\/api\/wp\/v2\/posts\/27517\/revisions\/27519"}],"wp:featuredmedia":[{"embeddable":true,"href":"https:\/\/tvsensor.com\/api\/wp\/v2\/media\/27518"}],"wp:attachment":[{"href":"https:\/\/tvsensor.com\/api\/wp\/v2\/media?parent=27517"}],"wp:term":[{"taxonomy":"category","embeddable":true,"href":"https:\/\/tvsensor.com\/api\/wp\/v2\/categories?post=27517"},{"taxonomy":"post_tag","embeddable":true,"href":"https:\/\/tvsensor.com\/api\/wp\/v2\/tags?post=27517"}],"curies":[{"name":"wp","href":"https:\/\/api.w.org\/{rel}","templated":true}]}}