{"id":27490,"date":"2021-04-27T10:15:36","date_gmt":"2021-04-27T09:15:36","guid":{"rendered":"https:\/\/senzor.ba\/?p=27490"},"modified":"2024-01-15T21:38:19","modified_gmt":"2024-01-15T20:38:19","slug":"becirovic-ako-nije-bilo-razduzivanja-devedesetih-nece-moci-nikada","status":"publish","type":"post","link":"https:\/\/tvsensor.com\/clanak\/becirovic-ako-nije-bilo-razduzivanja-devedesetih-nece-moci-nikada\/","title":{"rendered":"Be\u0107irovi\u0107: Ako nije bilo razdu\u017eivanja devedesetih, ne\u0107e mo\u0107i nikada"},"content":{"rendered":"\n<p><strong>Denis Be\u0107irovi\u0107, delegat Socijaldemokratske partije (SDP) BiH, na dana\u0161njem zasjedanju ponovo je problematizirao rad predsjedavaju\u0107eg Predsjedni\u0161tva BiH Milorada Dodika.<\/strong><\/p>\n\n\n\n<p>On ka\u017ee kako Dodik javno poru\u010duje kako ima koncept razbijanja dr\u017eave Bosne i Hercegovine te smatra da je vrijeme da mu se odgovori na te antiustavne i antidejtonske poruke, ne na nekom sporednom mjestu, ve\u0107 ba\u0161 u dr\u017eavnom parlamentu.<\/p>\n\n\n\n<p>&#8211; Razdru\u017eivanje koje koristi Dodik je jedan obi\u010dni separatisti\u010dki euufemizam. Nema nikakvog razdru\u017eivanja u BiH, rije\u010d razdru\u017eivanje je zamjena za rat. Dodik poziva na rat i to treba javno re\u0107i \u2013 kazao je Be\u0107irovi\u0107.<\/p>\n\n\n\n<p>On ka\u017ee kako nema niti mo\u017ee biti mirnog razdru\u017eivanja, nije moglo devedesetih, ne\u0107e mo\u0107i nikada.<\/p>\n\n\n\n<p>&#8211; Milorad Dodik treba to da upamti za sva vremena \u2013 poru\u010dio je Be\u0107irovi\u0107.<\/p>\n\n\n\n<p>Navodi dalje da, ako krene u razdr\u017eivanje dr\u017eave, Dodik treba znati da je on odgovoran za unilateralno ru\u0161enje Dejtonskog sporazuma i ustava BiH.<\/p>\n\n\n\n<p>&#8211; Tu\u017eila\u0161tvo i sud moraju raditi svoj posao te su organi du\u017eni, ako Dodik krene u \u2018razdru\u017eivanje\u2019, uhapsiti odmah i njega i sve sau\u010desnike \u2013 kazao je Be\u0107irovi\u0107.<\/p>\n\n\n\n<p>Delegat SDP-a kazao je da ovo nije njegov li\u010dni stav, ve\u0107 stav cijelog Kluba Bo\u0161njaka, kao i delegata Zlatka Mileti\u0107a iz Kluba Hrvata.<\/p>\n","protected":false},"excerpt":{"rendered":"<p>Denis Be\u0107irovi\u0107, delegat Socijaldemokratske partije (SDP) BiH, na dana\u0161njem zasjedanju ponovo je problematizirao rad predsjedavaju\u0107eg Predsjedni\u0161tva BiH Milorada Dodika. On ka\u017ee kako Dodik javno poru\u010duje kako ima koncept razbijanja dr\u017eave Bosne i Hercegovine te smatra da je vrijeme da mu se odgovori na te antiustavne i antidejtonske poruke, ne na nekom sporednom mjestu, ve\u0107 ba\u0161 [&hellip;]<\/p>\n","protected":false},"author":59,"featured_media":27491,"comment_status":"closed","ping_status":"closed","sticky":false,"template":"","format":"standard","meta":{"inline_featured_image":false,"footnotes":""},"categories":[234],"tags":[820,134,210],"class_list":{"0":"post-27490","1":"post","2":"type-post","3":"status-publish","4":"format-standard","5":"has-post-thumbnail","7":"category-politika","8":"tag-denis-becirovic","9":"tag-milorad-dodik","10":"tag-sdp-bih"},"acf":[],"_links":{"self":[{"href":"https:\/\/tvsensor.com\/api\/wp\/v2\/posts\/27490","targetHints":{"allow":["GET"]}}],"collection":[{"href":"https:\/\/tvsensor.com\/api\/wp\/v2\/posts"}],"about":[{"href":"https:\/\/tvsensor.com\/api\/wp\/v2\/types\/post"}],"author":[{"embeddable":true,"href":"https:\/\/tvsensor.com\/api\/wp\/v2\/users\/59"}],"replies":[{"embeddable":true,"href":"https:\/\/tvsensor.com\/api\/wp\/v2\/comments?post=27490"}],"version-history":[{"count":1,"href":"https:\/\/tvsensor.com\/api\/wp\/v2\/posts\/27490\/revisions"}],"predecessor-version":[{"id":27492,"href":"https:\/\/tvsensor.com\/api\/wp\/v2\/posts\/27490\/revisions\/27492"}],"wp:featuredmedia":[{"embeddable":true,"href":"https:\/\/tvsensor.com\/api\/wp\/v2\/media\/27491"}],"wp:attachment":[{"href":"https:\/\/tvsensor.com\/api\/wp\/v2\/media?parent=27490"}],"wp:term":[{"taxonomy":"category","embeddable":true,"href":"https:\/\/tvsensor.com\/api\/wp\/v2\/categories?post=27490"},{"taxonomy":"post_tag","embeddable":true,"href":"https:\/\/tvsensor.com\/api\/wp\/v2\/tags?post=27490"}],"curies":[{"name":"wp","href":"https:\/\/api.w.org\/{rel}","templated":true}]}}