{"id":27400,"date":"2021-04-25T17:26:42","date_gmt":"2021-04-25T16:26:42","guid":{"rendered":"https:\/\/senzor.ba\/?p=27400"},"modified":"2024-01-15T21:38:21","modified_gmt":"2024-01-15T20:38:21","slug":"anti-covid-demonstracije-u-svicarskoj","status":"publish","type":"post","link":"https:\/\/tvsensor.com\/clanak\/anti-covid-demonstracije-u-svicarskoj\/","title":{"rendered":"Anti-covid demonstracije u \u0160vicarskoj"},"content":{"rendered":"\n<p><em>Na\u0161 dopisnik Sead R. iz \u0160vicarske  javio je da se u gradi\u0107u Rapperswil-Jona, u subotu 24. 04. 2021. okupilo oko 4.000 ljudi na neovla\u0161tenoj demonstraciji protiv covid-19 mjera. Policija nije, kako se o\u010dekivalo, rastjerala demonstrante te su zbog toga veoma kritikovani na dru\u0161tvenim mre\u017eama.<\/em><\/p>\n\n\n\n<p>Udru\u017eenje &#8220;Tihi protest&#8221; pozvalo je na ovaj skup u Rapperswil-Jona SG. Gradske vlasti nisu izdale dozvolu za doga\u0111aj, a policija je u vi\u0161e navrata upu\u0107ivala stanovni\u0161tvo da se kloni doga\u0111aja. Ipak, oko 4.000 ljudi okupilo se popodne na trgu. Raspolo\u017eenje je ostalo mirno, ali ve\u0107ina ljudi nije se povinovala va\u017ee\u0107im pravilima. Velika ve\u0107ina nije nosila masku niti se pridr\u017eavala pravila dr\u017eanja odstojanja, kao \u0161to je uvidjela i inspekcijska kontrola koja je do\u0161la na lice mjesta.<\/p>\n\n\n\n<figure class=\"wp-block-embed is-type-video is-provider-youtube wp-block-embed-youtube wp-embed-aspect-16-9 wp-has-aspect-ratio\"><div class=\"wp-block-embed__wrapper\">\n<iframe loading=\"lazy\" title=\"Anti-covid demonstracije u \u0160vicarskoj , Rapperswil-Jona\" width=\"696\" height=\"392\" src=\"https:\/\/www.youtube.com\/embed\/sfXsyrNcepU?feature=oembed\" frameborder=\"0\" allow=\"accelerometer; autoplay; clipboard-write; encrypted-media; gyroscope; picture-in-picture\" allowfullscreen><\/iframe>\n<\/div><\/figure>\n\n\n\n<p>Protest je izazvao veoma kontroverzne reakcije na dru\u0161tvenim mre\u017eama. Na primjer, neko je napisao: \u201eTamo su ljudi mirno protestirali. U \u010demu je problem, molim vas?&#8221;<\/p>\n\n\n\n<p>Druga osoba je rekla:&nbsp;\u201cNedostatak poniznosti u bogatom dru\u0161tvu? \u0160vicarci se glasno \u017eale na navodnu diktaturu Corone i ignori\u0161u zakonom predvi\u0111ene mjere.&#8221;<\/p>\n\n\n\n<figure class=\"wp-block-embed is-type-video is-provider-youtube wp-block-embed-youtube wp-embed-aspect-16-9 wp-has-aspect-ratio\"><div class=\"wp-block-embed__wrapper\">\n<iframe loading=\"lazy\" title=\"Anti-covid demonstracije u \u0160vicarskoj , Rapperswil-Jona\" width=\"696\" height=\"392\" src=\"https:\/\/www.youtube.com\/embed\/PkIZGYt7cUA?feature=oembed\" frameborder=\"0\" allow=\"accelerometer; autoplay; clipboard-write; encrypted-media; gyroscope; picture-in-picture\" allowfullscreen><\/iframe>\n<\/div><\/figure>\n\n\n\n<p>Mnogi su na dru\u0161tvenim mre\u017eama izrazili kritike da policija nije rigoroznije intervenisala i nije prekinula demonstracije. Uglavnom se problem nastojao rije\u0161iti dijalogom i uputama demonstrantima.<\/p>\n\n\n\n<p><br><\/p>\n","protected":false},"excerpt":{"rendered":"<p>Na\u0161 dopisnik Sead R. iz \u0160vicarske javio je da se u gradi\u0107u Rapperswil-Jona, u subotu 24. 04. 2021. okupilo oko 4.000 ljudi na neovla\u0161tenoj demonstraciji protiv covid-19 mjera. Policija nije, kako se o\u010dekivalo, rastjerala demonstrante te su zbog toga veoma kritikovani na dru\u0161tvenim mre\u017eama. Udru\u017eenje &#8220;Tihi protest&#8221; pozvalo je na ovaj skup u Rapperswil-Jona SG. [&hellip;]<\/p>\n","protected":false},"author":59,"featured_media":27401,"comment_status":"closed","ping_status":"closed","sticky":false,"template":"","format":"standard","meta":{"inline_featured_image":false,"footnotes":""},"categories":[43,376,41,37],"tags":[],"class_list":{"0":"post-27400","1":"post","2":"type-post","3":"status-publish","4":"format-standard","5":"has-post-thumbnail","7":"category-bih","8":"category-featured","9":"category-svijet","10":"category-vijesti"},"acf":[],"_links":{"self":[{"href":"https:\/\/tvsensor.com\/api\/wp\/v2\/posts\/27400","targetHints":{"allow":["GET"]}}],"collection":[{"href":"https:\/\/tvsensor.com\/api\/wp\/v2\/posts"}],"about":[{"href":"https:\/\/tvsensor.com\/api\/wp\/v2\/types\/post"}],"author":[{"embeddable":true,"href":"https:\/\/tvsensor.com\/api\/wp\/v2\/users\/59"}],"replies":[{"embeddable":true,"href":"https:\/\/tvsensor.com\/api\/wp\/v2\/comments?post=27400"}],"version-history":[{"count":3,"href":"https:\/\/tvsensor.com\/api\/wp\/v2\/posts\/27400\/revisions"}],"predecessor-version":[{"id":27405,"href":"https:\/\/tvsensor.com\/api\/wp\/v2\/posts\/27400\/revisions\/27405"}],"wp:featuredmedia":[{"embeddable":true,"href":"https:\/\/tvsensor.com\/api\/wp\/v2\/media\/27401"}],"wp:attachment":[{"href":"https:\/\/tvsensor.com\/api\/wp\/v2\/media?parent=27400"}],"wp:term":[{"taxonomy":"category","embeddable":true,"href":"https:\/\/tvsensor.com\/api\/wp\/v2\/categories?post=27400"},{"taxonomy":"post_tag","embeddable":true,"href":"https:\/\/tvsensor.com\/api\/wp\/v2\/tags?post=27400"}],"curies":[{"name":"wp","href":"https:\/\/api.w.org\/{rel}","templated":true}]}}