{"id":27191,"date":"2021-04-22T10:50:29","date_gmt":"2021-04-22T09:50:29","guid":{"rendered":"https:\/\/senzor.ba\/?p=27191"},"modified":"2024-01-15T21:38:25","modified_gmt":"2024-01-15T20:38:25","slug":"safet-sarajlic-primjer-aktivizma-u-borbi-za-spas-bh-rijeka","status":"publish","type":"post","link":"https:\/\/tvsensor.com\/clanak\/safet-sarajlic-primjer-aktivizma-u-borbi-za-spas-bh-rijeka\/","title":{"rendered":"Safet Sarajli\u0107 &#8211; Primjer aktivizma u borbi za spas bh. rijeka"},"content":{"rendered":"\n<p>Da se sve mo\u017ee kad se ho\u0107e i kad se ne tra\u017ei izgovor primjer je Safeta Sarajli\u0107a, \u010dovjeka koji zarad ljubavi prema rijeci Neretvici i prirodnim ljepotama BiH nastupa kao jedan od najpo\u017ertvovanijih aktivista u spre\u010davanju izgradnje jo\u0161 jedne u nizu MHE na na\u0161im ljepoticama. <\/p>\n\n\n\n<p>U nastavku prenosimo status koji je objavljen na Facebook grupi <strong><a href=\"https:\/\/www.facebook.com\/groups\/531920737451586\/permalink\/811116299532027\/\">Rijeke Bosne i Hercegovine &#8220;Budi promjena&#8221;<\/a><\/strong> posve\u0107en ovom divnom \u010dovjeku, njegovom iskrenom djelu i ljubavi prema ljepotama BiH.<\/p>\n\n\n\n<p>&#8220;E ovo je za mene primjer aktivizma, ovo je \u010dovjek koji je sa kolicima stao pred bagere, i rekao mo\u017ee\u0161 ali preko mene jedino, kada su htjeli graditi, mislim jo\u0161 uvijek poku\u0161avaju graditi MHE na rijeci Neretvici.<\/p>\n\n\n\n<p>Na ovoj slici, na\u0161 Safet Sarajli\u0107 \u010disti i odr\u017eava put u du\u017eini 6 kilometara, koji prati Rijeku. Dodu\u0161e na ovoj zadnjoj akciji mu je pomogla i supruga.<\/p>\n\n\n\n<p>Ina\u010de, to je jedna hrabra ekipa, pravih eko aktivista, a za mene je nekako ova gromada simbol ODBRANE Neretvice, naravno da je svaki aktivista bitan.<\/p>\n\n\n\n<p>U\u017eivao sam&nbsp;slu\u0161aju\u0107i, kada mi je pri\u010dao o borbi za Neretvicu. A ina\u010de smo se upoznali, kada sam snimao, u Buturovi\u0107 Polju, zove me neko na messenger, ka\u017ee ja tebe dugo \u010dekam, i kona\u010dno si blizu, hajde ka\u017ee stisni pa nemoj do\u0107i kod mene na kafu, tu sam ka\u017ee par kilometara od tebe&#8230; I da, morao sam oti\u0107i&#8230;<br>Zna\u010di, ni manje ni vi\u0161e nego 6 kilometara (table, kanta, mjere sve ispo\u0161tovao).<\/p>\n\n\n\n<p>Velik si \u010dovjek.&#8221;<\/p>\n\n\n\n<figure class=\"wp-block-image size-large\"><img loading=\"lazy\" decoding=\"async\" width=\"402\" height=\"749\" src=\"https:\/\/tvsensor.com\/wp-content\/uploads\/2021\/04\/msedge_Ye6N6HeRv1.jpg\" alt=\"\" class=\"wp-image-27193\" srcset=\"https:\/\/tvsensor.com\/wp-content\/uploads\/2021\/04\/msedge_Ye6N6HeRv1.jpg 402w, https:\/\/tvsensor.com\/wp-content\/uploads\/2021\/04\/msedge_Ye6N6HeRv1-81x150.jpg 81w, https:\/\/tvsensor.com\/wp-content\/uploads\/2021\/04\/msedge_Ye6N6HeRv1-150x279.jpg 150w, https:\/\/tvsensor.com\/wp-content\/uploads\/2021\/04\/msedge_Ye6N6HeRv1-300x559.jpg 300w\" sizes=\"auto, (max-width: 402px) 100vw, 402px\" \/><\/figure>\n","protected":false},"excerpt":{"rendered":"<p>Da se sve mo\u017ee kad se ho\u0107e i kad se ne tra\u017ei izgovor primjer je Safeta Sarajli\u0107a, \u010dovjeka koji zarad ljubavi prema rijeci Neretvici i prirodnim ljepotama BiH nastupa kao jedan od najpo\u017ertvovanijih aktivista u spre\u010davanju izgradnje jo\u0161 jedne u nizu MHE na na\u0161im ljepoticama. U nastavku prenosimo status koji je objavljen na Facebook grupi [&hellip;]<\/p>\n","protected":false},"author":59,"featured_media":27196,"comment_status":"closed","ping_status":"closed","sticky":false,"template":"","format":"standard","meta":{"inline_featured_image":false,"footnotes":""},"categories":[443],"tags":[1134,1133],"class_list":{"0":"post-27191","1":"post","2":"type-post","3":"status-publish","4":"format-standard","5":"has-post-thumbnail","7":"category-ekologija","8":"tag-mhe","9":"tag-neretvica"},"acf":[],"_links":{"self":[{"href":"https:\/\/tvsensor.com\/api\/wp\/v2\/posts\/27191","targetHints":{"allow":["GET"]}}],"collection":[{"href":"https:\/\/tvsensor.com\/api\/wp\/v2\/posts"}],"about":[{"href":"https:\/\/tvsensor.com\/api\/wp\/v2\/types\/post"}],"author":[{"embeddable":true,"href":"https:\/\/tvsensor.com\/api\/wp\/v2\/users\/59"}],"replies":[{"embeddable":true,"href":"https:\/\/tvsensor.com\/api\/wp\/v2\/comments?post=27191"}],"version-history":[{"count":2,"href":"https:\/\/tvsensor.com\/api\/wp\/v2\/posts\/27191\/revisions"}],"predecessor-version":[{"id":27197,"href":"https:\/\/tvsensor.com\/api\/wp\/v2\/posts\/27191\/revisions\/27197"}],"wp:featuredmedia":[{"embeddable":true,"href":"https:\/\/tvsensor.com\/api\/wp\/v2\/media\/27196"}],"wp:attachment":[{"href":"https:\/\/tvsensor.com\/api\/wp\/v2\/media?parent=27191"}],"wp:term":[{"taxonomy":"category","embeddable":true,"href":"https:\/\/tvsensor.com\/api\/wp\/v2\/categories?post=27191"},{"taxonomy":"post_tag","embeddable":true,"href":"https:\/\/tvsensor.com\/api\/wp\/v2\/tags?post=27191"}],"curies":[{"name":"wp","href":"https:\/\/api.w.org\/{rel}","templated":true}]}}