{"id":27173,"date":"2021-04-21T22:22:09","date_gmt":"2021-04-21T21:22:09","guid":{"rendered":"https:\/\/senzor.ba\/?p=27173"},"modified":"2024-01-15T21:38:25","modified_gmt":"2024-01-15T20:38:25","slug":"protesti-u-njemackoj-zbog-epidemioloskih-mjera","status":"publish","type":"post","link":"https:\/\/tvsensor.com\/clanak\/protesti-u-njemackoj-zbog-epidemioloskih-mjera\/","title":{"rendered":"Protesti u Njema\u010dkoj zbog epidemiolo\u0161kih mjera"},"content":{"rendered":"\n<p>Hiljade gra\u0111ana okupilo se u&nbsp;<strong>Berlinu<\/strong>,<strong>&nbsp;glavnom gradu Njema\u010dke,<\/strong>&nbsp;u znak protesta&nbsp;<strong>protiv mjera uvedenih u cilju suzbijanja \u0161irenja novog koronavirusa.<\/strong><\/p>\n\n\n\n<p>Parlament razmatra zakon o ve\u0107im ovlastima Vlade u okviru borbe protiv tre\u0107eg talasa pandemije, a kojim se predvi\u0111a poo\u0161travanje mjera. Ovakav potez izazvao je nezadovoljstvo gra\u0111ana koji su odlu\u010dili iza\u0107i na ulice glavnog njema\u010dkog grada.<\/p>\n\n\n\n<p><strong>Demonstranti su nosili transparente s kritikama mjer<\/strong>a koje je Vlada poduzela u borbi protiv epidemije, a na jednom od njih je pisalo: &#8220;Mir, sloboda, demokratija&#8221;.<\/p>\n\n\n\n<p>Policija je intevenisala jer se okupljeni nisu pridr\u017eavali mjera poput no\u0161enja maski i socijalne distance. Sigurnosne snage su koristile biber sprej, a i privedeno je vi\u0161e od 150 osoba.<\/p>\n\n\n\n<p>Tokom protesta poduzete su opse\u017ene sigurnosne mjere, a pojedini demonstranti su bacali boce na policiju.<\/p>\n\n\n\n<p><strong>Iz berlinske policije saop\u0107eno je da je grupa demonstranata napala policiju u parku Tiegarten.<\/strong>&nbsp;Podru\u010dje oko Bundestaga i ureda kancelarke bilo je zatvoreno za saobra\u0107aj.<\/p>\n\n\n\n<p>Lokalni mediji navode da je protestima prisustvovalo oko 8.000 ljudi.<\/p>\n","protected":false},"excerpt":{"rendered":"<p>Hiljade gra\u0111ana okupilo se u&nbsp;Berlinu,&nbsp;glavnom gradu Njema\u010dke,&nbsp;u znak protesta&nbsp;protiv mjera uvedenih u cilju suzbijanja \u0161irenja novog koronavirusa. Parlament razmatra zakon o ve\u0107im ovlastima Vlade u okviru borbe protiv tre\u0107eg talasa pandemije, a kojim se predvi\u0111a poo\u0161travanje mjera. Ovakav potez izazvao je nezadovoljstvo gra\u0111ana koji su odlu\u010dili iza\u0107i na ulice glavnog njema\u010dkog grada. Demonstranti su nosili [&hellip;]<\/p>\n","protected":false},"author":59,"featured_media":27174,"comment_status":"closed","ping_status":"closed","sticky":false,"template":"","format":"standard","meta":{"inline_featured_image":false,"footnotes":""},"categories":[41],"tags":[629,353],"class_list":{"0":"post-27173","1":"post","2":"type-post","3":"status-publish","4":"format-standard","5":"has-post-thumbnail","7":"category-svijet","8":"tag-epidemioloske-mjere","9":"tag-koronavirus"},"acf":[],"_links":{"self":[{"href":"https:\/\/tvsensor.com\/api\/wp\/v2\/posts\/27173","targetHints":{"allow":["GET"]}}],"collection":[{"href":"https:\/\/tvsensor.com\/api\/wp\/v2\/posts"}],"about":[{"href":"https:\/\/tvsensor.com\/api\/wp\/v2\/types\/post"}],"author":[{"embeddable":true,"href":"https:\/\/tvsensor.com\/api\/wp\/v2\/users\/59"}],"replies":[{"embeddable":true,"href":"https:\/\/tvsensor.com\/api\/wp\/v2\/comments?post=27173"}],"version-history":[{"count":1,"href":"https:\/\/tvsensor.com\/api\/wp\/v2\/posts\/27173\/revisions"}],"predecessor-version":[{"id":27175,"href":"https:\/\/tvsensor.com\/api\/wp\/v2\/posts\/27173\/revisions\/27175"}],"wp:featuredmedia":[{"embeddable":true,"href":"https:\/\/tvsensor.com\/api\/wp\/v2\/media\/27174"}],"wp:attachment":[{"href":"https:\/\/tvsensor.com\/api\/wp\/v2\/media?parent=27173"}],"wp:term":[{"taxonomy":"category","embeddable":true,"href":"https:\/\/tvsensor.com\/api\/wp\/v2\/categories?post=27173"},{"taxonomy":"post_tag","embeddable":true,"href":"https:\/\/tvsensor.com\/api\/wp\/v2\/tags?post=27173"}],"curies":[{"name":"wp","href":"https:\/\/api.w.org\/{rel}","templated":true}]}}