{"id":27077,"date":"2021-04-19T18:23:16","date_gmt":"2021-04-19T17:23:16","guid":{"rendered":"https:\/\/senzor.ba\/?p=27077"},"modified":"2024-01-15T21:38:28","modified_gmt":"2024-01-15T20:38:28","slug":"mitropolit-cpc-mihailo-svako-ko-porice-srebrenicu-je-zlocinac","status":"publish","type":"post","link":"https:\/\/tvsensor.com\/clanak\/mitropolit-cpc-mihailo-svako-ko-porice-srebrenicu-je-zlocinac\/","title":{"rendered":"Mitropolit CPC Mihailo: \u201cSvako ko pori\u010de Srebrenicu je zlo\u010dinac\u2026\u201d"},"content":{"rendered":"\n<p>Na\u0161a Vlada se identifikujete sa zlo\u010dina\u010dkim pokretom iz Drugoga svjetskoga rata koji je u februaru 1943. godine suvirepo pobio 9.200 muslimana iz Sand\u017eaka, poru\u010dio je mitropolit CPC Mihailo.<\/p>\n\n\n\n<p>\u201cSvakodnevnim izjavama zorno o\u010dituje svoju saglasnost s tim zlo\u010dina\u010dkim aktom, a djelom da njeguje mra\u010dni kult zlo\u010dina i zlo\u010dinaca. Zato negira istorijsku \u010dinjenicu da se u Srebrenici dogodio genocid i tako dovodi u pitanje osnovnu ljudsku osobinu \u2013 ljudskost. Mi smo pohodili Srebrnicu 1995. godine da se poklonimo sjenima nevinih \u017ertava, i pohodi\u0107emo dok smo \u017eivi. Ona je \u017eivi spomenik nevino stradalim mu\u010denicima, koji prenosi poruku da je zlo me\u0111u nama, i da ne smijemo dozvoliti novu Srebrnicu\u201d, poru\u010duje on.<\/p>\n\n\n\n<p>Ka\u017ee kako svako ko pori\u010de taj zlo\u010din je zlo\u010dinac, pa ma ko on bio \u2013 gra\u0111anin, ministar, predsednik Vlade, vladika ili patrijarh.<\/p>\n\n\n\n<p>\u201cTa ista Vlada nastavlja i tradiciju dinastije Kara\u0111or\u0111evi\u0107a, koja je 1918. godine zatirala i Crnu Goru i crnogorsko ime, sru\u0161ila Njego\u0161evu kapelu na Lov\u0107enu i ukinula Crnogorsku crkvu, priznatu od svih pravoslavnih crkava, uklju\u010duju\u0107i i Srpsku. Odri\u010de joj pravo da bude domicilana crkva i progoni i nju i njeno svje\u0161tenstvo. Najavljuje potpisivanje Temeljnoga ugovora sa beogradskom Svetosavskom crkvom koja je u Bosni raspirivala me\u0111uvjersku i me\u0111unacionalnu mr\u017enju i bodrila zlo\u010dince da nasr\u0107u na sve ljudsko. Bila je i direktni sau\u010desnik u srebrni\u010dkom zlo\u010dinu. Njoj, koja je u Crnu Goru do\u0161la na srpskim bajonetima 1918. godine, namjerava da prepu\u0161ti sve crkve i manastire na\u0161ih predaka da u njima raspiruje mr\u017enju na Crnogorce i sve druge i druga\u010dije u Crnoj Gori. To je zlokobna ideja koja nagovje\u0161tava propast zemlje, po cijenu koju \u0107e utvr\u0111ivati istori\u010dari u budu\u0107nosti. Pozivam vjeruju\u0107e ljude i sve gra\u0111ane da se odupremo tome zlu, prije nego nas zlo zadesi\u201d, poru\u010dio je on, pi\u0161e Antena M.<\/p>\n","protected":false},"excerpt":{"rendered":"<p>Na\u0161a Vlada se identifikujete sa zlo\u010dina\u010dkim pokretom iz Drugoga svjetskoga rata koji je u februaru 1943. godine suvirepo pobio 9.200 muslimana iz Sand\u017eaka, poru\u010dio je mitropolit CPC Mihailo. \u201cSvakodnevnim izjavama zorno o\u010dituje svoju saglasnost s tim zlo\u010dina\u010dkim aktom, a djelom da njeguje mra\u010dni kult zlo\u010dina i zlo\u010dinaca. Zato negira istorijsku \u010dinjenicu da se u Srebrenici [&hellip;]<\/p>\n","protected":false},"author":59,"featured_media":27078,"comment_status":"closed","ping_status":"closed","sticky":false,"template":"","format":"standard","meta":{"inline_featured_image":false,"footnotes":""},"categories":[40],"tags":[877,876],"class_list":{"0":"post-27077","1":"post","2":"type-post","3":"status-publish","4":"format-standard","5":"has-post-thumbnail","7":"category-region","8":"tag-cpc","9":"tag-mitropolit-mihailo"},"acf":[],"_links":{"self":[{"href":"https:\/\/tvsensor.com\/api\/wp\/v2\/posts\/27077","targetHints":{"allow":["GET"]}}],"collection":[{"href":"https:\/\/tvsensor.com\/api\/wp\/v2\/posts"}],"about":[{"href":"https:\/\/tvsensor.com\/api\/wp\/v2\/types\/post"}],"author":[{"embeddable":true,"href":"https:\/\/tvsensor.com\/api\/wp\/v2\/users\/59"}],"replies":[{"embeddable":true,"href":"https:\/\/tvsensor.com\/api\/wp\/v2\/comments?post=27077"}],"version-history":[{"count":1,"href":"https:\/\/tvsensor.com\/api\/wp\/v2\/posts\/27077\/revisions"}],"predecessor-version":[{"id":27079,"href":"https:\/\/tvsensor.com\/api\/wp\/v2\/posts\/27077\/revisions\/27079"}],"wp:featuredmedia":[{"embeddable":true,"href":"https:\/\/tvsensor.com\/api\/wp\/v2\/media\/27078"}],"wp:attachment":[{"href":"https:\/\/tvsensor.com\/api\/wp\/v2\/media?parent=27077"}],"wp:term":[{"taxonomy":"category","embeddable":true,"href":"https:\/\/tvsensor.com\/api\/wp\/v2\/categories?post=27077"},{"taxonomy":"post_tag","embeddable":true,"href":"https:\/\/tvsensor.com\/api\/wp\/v2\/tags?post=27077"}],"curies":[{"name":"wp","href":"https:\/\/api.w.org\/{rel}","templated":true}]}}