{"id":27074,"date":"2021-04-19T18:08:29","date_gmt":"2021-04-19T17:08:29","guid":{"rendered":"https:\/\/senzor.ba\/?p=27074"},"modified":"2024-01-15T21:38:28","modified_gmt":"2024-01-15T20:38:28","slug":"bih-na-obali-bjelave-u-foci-otvorena-kuca-za-odbranu-rijeka","status":"publish","type":"post","link":"https:\/\/tvsensor.com\/clanak\/bih-na-obali-bjelave-u-foci-otvorena-kuca-za-odbranu-rijeka\/","title":{"rendered":"BiH: Na obali Bjelave u Fo\u010di otvorena &#8220;Ku\u0107a za odbranu rijeka&#8221;"},"content":{"rendered":"\n<p>Kontejner simboli\u010dno nazvan &#8220;Ku\u0107a za odbranu rijeka&#8221; koji \u0107e biti mjesto otpora i okupljanja aktivista koji se bore za rijeku Bjelavu, otvoren je danas u mjestu Bukovica na rijeci Bjelavi u Fo\u010di, javlja AA.<\/p>\n\n\n\n<p>Iz Centra za \u017eivotnu sredinu saop\u0161teno je da devastacija i uni\u0161tavanje Bjelave traje od marta pro\u0161le godine, a da je &#8220;Ku\u0107a za odbranu rijeka&#8221; danas otvorena za sve koji \u017eele da se pridru\u017ee borbi za o\u010duvanje ove rijeke ili saznaju vi\u0161e informacija.<\/p>\n\n\n\n<p>Kontejneru je jedinstveni pe\u010dat dao umjetnik Vladimir Milanovi\u0107 koji ga je oslikao ilustracijama \u010diji je cilj dizanje svijesti o \u0161tetnom uticaju malih hidroelektrana (MHE) na rijeke i \u017eivotnu sredinu.<\/p>\n\n\n\n<p>&#8220;Kontejner je postavljen na mjestu gdje su zapo\u010deti radovi na izgradnji male hidroelektrane na rijeci Bjelavi i odakle su ma\u0161ine razorile korito rijeke i uni\u0161tile njen vodotok. Cilj nam je da bude simboli\u010dno mjesto na\u0161eg okupljanja i otpora ovom projektu koji prijeti da u potpunosti uni\u0161ti Bjelavu. Odlu\u010dili smo se na ovaj vid borbe po uzoru na aktiviste \u0161irom BiH koji su na ovaj na\u010din odbranili svoje rijeke \u010duvaju\u0107i ih dan i no\u0107. Ovdje \u0107emo na smjene de\u017eurati, \u010duva\u0107emo rijeku i ne\u0107emo dozvoliti ma\u0161inama da ponovo pro\u0111u i nastave svoj rad&#8221;, rekao je Jovan Drakul iz Udru\u017eenja gra\u0111ana Bjelava, Fo\u010da.<\/p>\n\n\n\n<p>U saop\u0161tenju se navodi da Centar za \u017eivotnu sredinu i Koalicija za za\u0161titu rijeka BiH godinama upozoravaju na stihijsku izgradnju hidroelektrana i \u010dinjenicu da su rijeke pod velikim rizikom da ostanu bez svojih najve\u0107ih vrijednosti: kvalitetne vode i bogatstva biodiverziteta.<\/p>\n\n\n\n<p>Jelena Ivani\u0107, koordinatorka kampanje Sa\u010duvajmo Plavo srce Evrope iz Centra za \u017eivotnu sredinu izjavila je da &#8220;Ku\u0107a za odbranu rijeka&#8221; simbolizuje borbu svih aktivista koji se zala\u017eu za za\u0161titu rijeka BiH i predstavlja poruku investitorima i nadle\u017enim da aktivisti ne\u0107e odustati od njihove odbrane.<\/p>\n\n\n\n<p>&#8220;Rijeka Bjelava je primjer podr\u0161ke vlasti investitoru uprkos o\u010diglednom kriminalu i protivljenju mje\u0161tana ovom projektu. Postavlja se pitanje kada \u0107e se po\u010deti primjenjivati Deklaracija za za\u0161titu rijeka RS koja je nedavno jednoglasno usvojena od strane Narodne skup\u0161tine RS? Ako se ne\u0107e za\u0161tititi Bjelava, deklarativno izja\u0161njavanje o potrebi da za\u0161titimo rijeke gubi smisao. Centar za \u017eivotnu sredinu \u0107e svakako dostaviti Ministarstvu za prostorno ure\u0111enje gra\u0111evinarstvo i ekologiju RS komentare na Prethodnu procjenu uticaja na \u017eivotnu sredinu za ovaj projekat, a koja je trenutno na javnom uvidu i ukazati na niz propusta vezanih za ovaj slu\u010daj&#8221;, rekla je ona.<\/p>\n\n\n\n<p>Iz Centra za \u017eivotnu sredinu navode da je &#8220;po\u010detkom marta pro\u0161le godine, kompanija \u201dSrbinjeputevi\u201d iskoristila vanrednu situaciju i zapo\u010dela ilegalne radove u slivu rijeke Bjelave imaju\u0107i samo ugovor o koncesiji, bez potrebnih dozvola&#8221;.&#8221;Na evidentno kr\u0161enje zakona, uzurpaciju privatne imovine, kr\u010denje \u0161ume i izmje\u0161tanje korita rijeke nije reagovala ni lokalna niti republi\u010dka inspekcija. Uprkos nizu tu\u017ebi, argumenata i ukazivanja na propuste institucije jasno staju na stranu investitora&#8221;, stoji u saop\u0161tenju.<\/p>\n","protected":false},"excerpt":{"rendered":"<p>Kontejner simboli\u010dno nazvan &#8220;Ku\u0107a za odbranu rijeka&#8221; koji \u0107e biti mjesto otpora i okupljanja aktivista koji se bore za rijeku Bjelavu, otvoren je danas u mjestu Bukovica na rijeci Bjelavi u Fo\u010di, javlja AA. Iz Centra za \u017eivotnu sredinu saop\u0161teno je da devastacija i uni\u0161tavanje Bjelave traje od marta pro\u0161le godine, a da je &#8220;Ku\u0107a [&hellip;]<\/p>\n","protected":false},"author":59,"featured_media":27075,"comment_status":"closed","ping_status":"closed","sticky":false,"template":"","format":"standard","meta":{"inline_featured_image":false,"footnotes":""},"categories":[443,376],"tags":[],"class_list":{"0":"post-27074","1":"post","2":"type-post","3":"status-publish","4":"format-standard","5":"has-post-thumbnail","7":"category-ekologija","8":"category-featured"},"acf":[],"_links":{"self":[{"href":"https:\/\/tvsensor.com\/api\/wp\/v2\/posts\/27074","targetHints":{"allow":["GET"]}}],"collection":[{"href":"https:\/\/tvsensor.com\/api\/wp\/v2\/posts"}],"about":[{"href":"https:\/\/tvsensor.com\/api\/wp\/v2\/types\/post"}],"author":[{"embeddable":true,"href":"https:\/\/tvsensor.com\/api\/wp\/v2\/users\/59"}],"replies":[{"embeddable":true,"href":"https:\/\/tvsensor.com\/api\/wp\/v2\/comments?post=27074"}],"version-history":[{"count":1,"href":"https:\/\/tvsensor.com\/api\/wp\/v2\/posts\/27074\/revisions"}],"predecessor-version":[{"id":27076,"href":"https:\/\/tvsensor.com\/api\/wp\/v2\/posts\/27074\/revisions\/27076"}],"wp:featuredmedia":[{"embeddable":true,"href":"https:\/\/tvsensor.com\/api\/wp\/v2\/media\/27075"}],"wp:attachment":[{"href":"https:\/\/tvsensor.com\/api\/wp\/v2\/media?parent=27074"}],"wp:term":[{"taxonomy":"category","embeddable":true,"href":"https:\/\/tvsensor.com\/api\/wp\/v2\/categories?post=27074"},{"taxonomy":"post_tag","embeddable":true,"href":"https:\/\/tvsensor.com\/api\/wp\/v2\/tags?post=27074"}],"curies":[{"name":"wp","href":"https:\/\/api.w.org\/{rel}","templated":true}]}}