{"id":26964,"date":"2021-04-18T18:36:12","date_gmt":"2021-04-18T17:36:12","guid":{"rendered":"https:\/\/senzor.ba\/?p=26964"},"modified":"2024-01-15T21:38:31","modified_gmt":"2024-01-15T20:38:31","slug":"prekinite-razgovore-s-korumpiranim-politicarima-pomozite-gradjanima-bih","status":"publish","type":"post","link":"https:\/\/tvsensor.com\/clanak\/prekinite-razgovore-s-korumpiranim-politicarima-pomozite-gradjanima-bih\/","title":{"rendered":"\u201cPrekinite razgovore s korumpiranim politi\u010darima, pomozite gra\u0111anima BiH\u201d"},"content":{"rendered":"\n<p><strong>&#8220;Prekinite razgovore s korumpiranim politi\u010darima i pomozite gra\u0111anima BiH&#8221;, navodi se u apelu neformalne grupe gra\u0111ana iz&#8221; Gra\u0111anske inicijative za dostojanstvenu BiH&#8221;.<\/strong><\/p>\n\n\n\n<p>Pismo su uputili ambasadama SAD-a, Njema\u010dke i Francuske, Misije EU u BiH i OHR-u. Uputili su zahtjev za \u201chitnim prekidom dosada\u0161nje prakse pregovaranja o klju\u010dnim pitanjima budu\u0107nosti na\u0161e domovine sa politi\u010dkim liderima koji snose najve\u0107u odgovornost i krivicu za postoje\u0107e stanje u kojem se nalazi BiH i svi njeni gra\u0111ani\u201d.<\/p>\n\n\n\n<p><strong>\u201cMilorad Dodik, Dragan \u010covi\u0107 i Bakir Izetbegovi\u0107, za koje postoje indicije, a \u0161to se i procesuira pred nadle\u017enim institucijama, su korumpirani, nacionalisti\u010dki politi\u010dari koji se la\u017eno predstavljaju nacionalnim liderima prvenstveno zahvaljuju\u0107i vi\u0161egodi\u0161njim manipulacijama duboko kompromitiranim izbornim procesom, a koji se nalaze na slobodi isklju\u010divo zato \u0161to kontroliraju tu\u017eila\u0161tva i sudove za koje postoji osnovana sumnja da ne procesuiraju optu\u017ebe za njihov vi\u0161egodi\u0161nji drski kriminal i sijanje me\u0111unacionalne mr\u017enje\u201d<\/strong>, navode u pismu.<\/p>\n\n\n\n<h3 class=\"wp-block-heading\" id=\"h-prekinite-razgovore-s-korumpiranim-politi-arima\">Prekinite razgovore s korumpiranim politi\u010darima<\/h3>\n\n\n\n<p>Isti\u010di kako su veliku uznemirenost gra\u0111ana izazvale informacije o tome da je i u Predsjedni\u0161tvu Bosne i Hercegovine, prilikom nedavnog susreta sa predsjednikom Republike Slovenije, \u201cvo\u0111en razgovor o mogu\u0107nostima uni\u0161tenja na\u0161e domovine, odnosno mirne etni\u010dke podjele Bosne i Hercegovine\u201d.<\/p>\n\n\n\n<p><strong>\u201cU ime ogromnog, najve\u0107eg broja gra\u0111ana Bosne i Hercegovine poru\u010dujemo vam: Bosna i Hercegovina se ne mo\u017ee podijeliti, a svaki obnovljeni poku\u0161aj etni\u010dke podjele na\u0161e domovine zavr\u0161i\u0107e se neuspjehom, uz novo prolijevanje krvi, \u017ertve, razaranja i rat koji se ne\u0107e odvijati samo unutar njenih granica. Podsje\u0107amo vas da ste u bliskoj pro\u0161losti iznevjerili obe\u0107anja data i sebi i nama: govorili ste \u201cnikad vi\u0161e Au\u0161vic\u201d, a onda ste 1995. godine omogu\u0107ili genocid u za\u0161ti\u0107enoj zoni Ujedinjenih nacija u Srebrenici. Tada ste na isti na\u010din tretirali gra\u0111ane koji su se branili, branili su svoje domove i me\u0111unarodno priznatu Bosnu i Hercegovinu i one koji su skoro \u010detiri godine, pred va\u0161im o\u010dima, terorizirali civile, \u010dine\u0107i pritom genocid, monstruozne ratne zlo\u010dine i zlo\u010dine protiv \u010dovje\u010dnosti. Na\u017ealost, sa istom praksom nastavljate i danas, jednako se odnose\u0107ii prema onima koji negiraju i slave genocid i udru\u017eeni zlo\u010dina\u010dki poduhvati prema onima koji su njihove \u017ertve\u201d<\/strong>, isti\u010du.<\/p>\n\n\n\n<h3 class=\"wp-block-heading\" id=\"h-njihovi-zahtjevi\">Njihovi zahtjevi<\/h3>\n\n\n\n<p>1. Odmah prekinite sve razgovore o reformama u Bosni i Hercegovini sa nelegitimnim, korumpiranim, nacionalisti\u010dkim liderima ogrezlim u kriminalu, kakvi su Milorad Dodik, Dragan \u010covi\u0107 i Bakir Izetbegovi\u0107;<\/p>\n\n\n\n<p>2. Pomozite gra\u0111anima Bosne i Hercegovine u nabavci prijeko potrebnih vakcina protiv covida-19;<\/p>\n\n\n\n<p>3. Sve razgovore o ustavnim i promjenama Izbornog zakona vratite u okvire standarda jednakih prava za sve gra\u0111ane Bosne i Hercegovine, u skladu sa preporukama Vije\u0107a Evrope i Venecijanske komisije, te presuda Evropskog suda za ljudska prava;<\/p>\n\n\n\n<p>4. Sve razgovore o ustavnim i promjenama Izbornog zakona vratite u institucije Bosne i Hercegovine, uz ravnopravan tretman vladaju\u0107ihi opozicionih partija, te predstavnika nevladinih organizacija i akademske zajednice;<\/p>\n\n\n\n<p>5. Hitno pomozite u stvaranju neophodne infrastrukture (elektronsko glasanje, zakonito glasanje putem po\u0161te, nadzor nad kompletnim izbornim procesom, uklju\u010duju\u0107i i nadzor nad bira\u010dkim spiskovima, izbor bira\u010dkih odbora i brojanje glasova, stvaranje osposobljenje organizacije ili koalicije organizacija civilnog dru\u0161tva za nadzor izbora, pomo\u0107 profesionalnim medijima\u2026) radi stvaranja preduslova za prve istinski demokratske izbore u poslijeratnoj Bosni i Hercegovini;<\/p>\n\n\n\n<p>6. Iskoristite svoj uticaj i mo\u0107 za hitnu reformu pravosu\u0111a u Bosni i Hercegovini<\/p>\n\n\n\n<h3 class=\"wp-block-heading\" id=\"h-od-vas-o-ekujemo-djela\">Od vas o\u010dekujemo djela<\/h3>\n\n\n\n<p><strong>\u201cUvjeravamo vas da ne postoji bolja investicija u Bosnu i Hercegovinu od pomo\u0107i njenim gra\u0111anima u stvaranju demokratskog, gra\u0111anskog, sekularnog dru\u0161tva i pravne dr\u017eave. Pred vama je izbor, da li \u0107ete pomo\u0107i gra\u0111anima Bosne i Hercegovine ili la\u017enim, korumpiranim nacionalisti\u010dkim \u201cvo\u0111ama naroda\u201d koji decenijama \u0161irenjem straha kao taoce dr\u017ee sve njene gra\u0111ane. Od vas ne o\u010dekujemo rije\u010di, ve\u0107 djela\u201d,<\/strong>&nbsp;navodi se u pismu Gra\u0111anske inicijative za dostojanstvenu Bosnu i Hercegovinu.<\/p>\n","protected":false},"excerpt":{"rendered":"<p>&#8220;Prekinite razgovore s korumpiranim politi\u010darima i pomozite gra\u0111anima BiH&#8221;, navodi se u apelu neformalne grupe gra\u0111ana iz&#8221; Gra\u0111anske inicijative za dostojanstvenu BiH&#8221;. Pismo su uputili ambasadama SAD-a, Njema\u010dke i Francuske, Misije EU u BiH i OHR-u. Uputili su zahtjev za \u201chitnim prekidom dosada\u0161nje prakse pregovaranja o klju\u010dnim pitanjima budu\u0107nosti na\u0161e domovine sa politi\u010dkim liderima koji [&hellip;]<\/p>\n","protected":false},"author":59,"featured_media":26965,"comment_status":"closed","ping_status":"closed","sticky":false,"template":"","format":"standard","meta":{"inline_featured_image":false,"footnotes":""},"categories":[38],"tags":[401,758,835,134],"class_list":{"0":"post-26964","1":"post","2":"type-post","3":"status-publish","4":"format-standard","5":"has-post-thumbnail","7":"category-vijesti-iz-bih","8":"tag-bakir-izetbegovic","9":"tag-dragan-covic-2","10":"tag-gradjanska-inicijativa","11":"tag-milorad-dodik"},"acf":[],"_links":{"self":[{"href":"https:\/\/tvsensor.com\/api\/wp\/v2\/posts\/26964","targetHints":{"allow":["GET"]}}],"collection":[{"href":"https:\/\/tvsensor.com\/api\/wp\/v2\/posts"}],"about":[{"href":"https:\/\/tvsensor.com\/api\/wp\/v2\/types\/post"}],"author":[{"embeddable":true,"href":"https:\/\/tvsensor.com\/api\/wp\/v2\/users\/59"}],"replies":[{"embeddable":true,"href":"https:\/\/tvsensor.com\/api\/wp\/v2\/comments?post=26964"}],"version-history":[{"count":1,"href":"https:\/\/tvsensor.com\/api\/wp\/v2\/posts\/26964\/revisions"}],"predecessor-version":[{"id":26966,"href":"https:\/\/tvsensor.com\/api\/wp\/v2\/posts\/26964\/revisions\/26966"}],"wp:featuredmedia":[{"embeddable":true,"href":"https:\/\/tvsensor.com\/api\/wp\/v2\/media\/26965"}],"wp:attachment":[{"href":"https:\/\/tvsensor.com\/api\/wp\/v2\/media?parent=26964"}],"wp:term":[{"taxonomy":"category","embeddable":true,"href":"https:\/\/tvsensor.com\/api\/wp\/v2\/categories?post=26964"},{"taxonomy":"post_tag","embeddable":true,"href":"https:\/\/tvsensor.com\/api\/wp\/v2\/tags?post=26964"}],"curies":[{"name":"wp","href":"https:\/\/api.w.org\/{rel}","templated":true}]}}