{"id":26609,"date":"2021-04-13T08:57:22","date_gmt":"2021-04-13T07:57:22","guid":{"rendered":"https:\/\/senzor.ba\/?p=26609"},"modified":"2024-01-15T21:38:43","modified_gmt":"2024-01-15T20:38:43","slug":"japan-radioaktivna-voda-iz-fukushime-ce-biti-pustena-u-more","status":"publish","type":"post","link":"https:\/\/tvsensor.com\/clanak\/japan-radioaktivna-voda-iz-fukushime-ce-biti-pustena-u-more\/","title":{"rendered":"Japan: Radioaktivna voda iz Fukushime \u0107e biti pu\u0161tena u more"},"content":{"rendered":"\n<p>Vlada Japana donijela je odluku da se radioaktivna voda iz nuklearne elektrane Fukushima ispu\u0161ta u naredne dvije godine u more, prenosi Anadolu Agency (AA).<\/p>\n\n\n\n<p>Premijer Yoshihide Suga objavio je odluku nakon sastanka Vlade, a tom prilikom je izjavio kako je odlaganje pro\u010di\u0161\u0107ene vode neizbje\u017eno prilikom razgradnje nuklearne elektrane Fukushima Daiichi.<\/p>\n\n\n\n<p>Suga je naglasio da \u0107e Me\u0111unarodna agencija za atomsku energiju (IAEA) i druge nezavisne organizacije biti uklju\u010dene u proces kako bi se promatralo da se plan provodi transparentno.<\/p>\n\n\n\n<p>Dodao je da se plan osloba\u0111anja tako\u0111er temelji na nau\u010dnim principima IAEA-e.<\/p>\n\n\n\n<p>Radioaktivni materijali nastali u \u010distoj vodi, koja funkcioni\u0161e kao rashladna teku\u0107ina u reaktorima, razgra\u0111uju se, osim tricijuma, zahvaljuju\u0107i naprednom sistemu za obradu te\u010dnosti (ALPS).<\/p>\n\n\n\n<p>Prema planu, voda koja sadr\u017ei element tritij razrijedi\u0107e se na nivou od 1.500 bekerela po litri. Tako \u0107e operater postrojenja Tokyo Electric Power (TEPCO) mo\u0107i povremeno u more ispu\u0161tati vodu \u010dija se koli\u010dina se iz dana u dan pove\u0107ava.<\/p>\n\n\n\n<p>TEPCO procjenjuje da \u0107e, ako se voda koja se skladi\u0161ti u postrojenju ne ispusti, objekat napuniti svoj spremnik najkasnije do jeseni 2022. godine.<\/p>\n","protected":false},"excerpt":{"rendered":"<p>Vlada Japana donijela je odluku da se radioaktivna voda iz nuklearne elektrane Fukushima ispu\u0161ta u naredne dvije godine u more, prenosi Anadolu Agency (AA). Premijer Yoshihide Suga objavio je odluku nakon sastanka Vlade, a tom prilikom je izjavio kako je odlaganje pro\u010di\u0161\u0107ene vode neizbje\u017eno prilikom razgradnje nuklearne elektrane Fukushima Daiichi. Suga je naglasio da \u0107e [&hellip;]<\/p>\n","protected":false},"author":59,"featured_media":26610,"comment_status":"closed","ping_status":"closed","sticky":false,"template":"","format":"standard","meta":{"inline_featured_image":false,"footnotes":""},"categories":[443],"tags":[654,653,655,656],"class_list":{"0":"post-26609","1":"post","2":"type-post","3":"status-publish","4":"format-standard","5":"has-post-thumbnail","7":"category-ekologija","8":"tag-fukushima","9":"tag-japan","10":"tag-nuklearna-elektrana","11":"tag-radioaktivna-voda"},"acf":[],"_links":{"self":[{"href":"https:\/\/tvsensor.com\/api\/wp\/v2\/posts\/26609","targetHints":{"allow":["GET"]}}],"collection":[{"href":"https:\/\/tvsensor.com\/api\/wp\/v2\/posts"}],"about":[{"href":"https:\/\/tvsensor.com\/api\/wp\/v2\/types\/post"}],"author":[{"embeddable":true,"href":"https:\/\/tvsensor.com\/api\/wp\/v2\/users\/59"}],"replies":[{"embeddable":true,"href":"https:\/\/tvsensor.com\/api\/wp\/v2\/comments?post=26609"}],"version-history":[{"count":1,"href":"https:\/\/tvsensor.com\/api\/wp\/v2\/posts\/26609\/revisions"}],"predecessor-version":[{"id":26611,"href":"https:\/\/tvsensor.com\/api\/wp\/v2\/posts\/26609\/revisions\/26611"}],"wp:featuredmedia":[{"embeddable":true,"href":"https:\/\/tvsensor.com\/api\/wp\/v2\/media\/26610"}],"wp:attachment":[{"href":"https:\/\/tvsensor.com\/api\/wp\/v2\/media?parent=26609"}],"wp:term":[{"taxonomy":"category","embeddable":true,"href":"https:\/\/tvsensor.com\/api\/wp\/v2\/categories?post=26609"},{"taxonomy":"post_tag","embeddable":true,"href":"https:\/\/tvsensor.com\/api\/wp\/v2\/tags?post=26609"}],"curies":[{"name":"wp","href":"https:\/\/api.w.org\/{rel}","templated":true}]}}