{"id":26443,"date":"2021-04-08T13:10:37","date_gmt":"2021-04-08T12:10:37","guid":{"rendered":"https:\/\/senzor.ba\/?p=26443"},"modified":"2024-01-15T21:38:48","modified_gmt":"2024-01-15T20:38:48","slug":"burno-na-sjednici-drzavne-skupstine-bih-becirovic-izjavio-da-dodik-poziva-na-rat","status":"publish","type":"post","link":"https:\/\/tvsensor.com\/clanak\/burno-na-sjednici-drzavne-skupstine-bih-becirovic-izjavio-da-dodik-poziva-na-rat\/","title":{"rendered":"Be\u0107irovi\u0107 na sjednici dr\u017eavne skup\u0161tine BiH:  Dodik poziva na rat"},"content":{"rendered":"\n<p><strong>Delegat u Klubu bo\u0161nja\u010dkog naroda<\/strong>&nbsp;u Domu naroda Parlamentarne skup\u0161tine BiH<strong>&nbsp;Denis Be\u0107irovi\u0107<\/strong>&nbsp;je na po\u010detku dana\u0161nje sjednice postavio pitanje predsjedavaju\u0107em Vije\u0107a ministara BiH&nbsp;<strong>Zoranu Tegeltiji&nbsp;<\/strong>o tomeda li podr\u017eava Dodikovu politiku razbijanja dr\u017eave BiH.<\/p>\n\n\n\n<p>Be\u0107irovi\u0107 je naveo kako Dodik javno poru\u010duje da ima jasan plan i koncept, kako on ka\u017ee, kako treba razbiti dr\u017eavu BiH.<\/p>\n\n\n\n<p>&#8220;Smatram da je vrijeme da mu odgovorimo na takve antiustavne i antidejtonske poruke, ne na nekom sporednom mjestu, ve\u0107 ovdje u dr\u017eavnom parlamentu BiH&#8221;, kazao je Be\u0107irovi\u0107.<\/p>\n\n\n\n<p>Dodao je da rije\u010d razdru\u017eivanje, koju koristi Milorad Dodik, jedan obi\u010dni<strong>&nbsp;separatisti\u010dki eufemizam<\/strong>.<\/p>\n\n\n\n<p>&#8220;Nema nikakvog razdru\u017eivanja u BiH, rije\u010d razdru\u017eivanje je zamjena za rije\u010d rat. Dodik poziva na&nbsp;<strong>rat<\/strong>&nbsp;i to treba javno re\u0107i. Nema i ne mo\u017ee biti ni mirnog, ni nemirnog razdru\u017eivanja dr\u017eave BiH. Nije to moglo ni 1992., ne mo\u017ee ni danas i ne\u0107e mo\u0107i nikada i to Milorad Dodik treba jednom da upamti za sva vremena&#8221;, poru\u010dio je Be\u0107irovi\u0107.<\/p>\n\n\n\n<p>Tako\u0111er je poru\u010dio Dodiku da \u201eako krene u taj antiustavni scenario razbijanja dr\u017eave, u tom slu\u010daju treba konstatirati da je on odgovaran za unilateralno ru\u0161enje&nbsp;<strong>Dejtonskog mirovnog sporazuma i Ustava BiH<\/strong>\u201c.<\/p>\n\n\n\n<p>&#8220;<strong>Tu\u017eila\u0161tvo i Sud BiH<\/strong>&nbsp;moraju raditi svoj dio posla, jer je to najte\u017ee mogu\u0107e antiustavno i krivi\u010dno djelo u na\u0161oj dr\u017eavi. Tre\u0107e, dr\u017eavni organi BiH, u skladu sa Ustavom i zakonom, du\u017eni su odmah uhapsiti i Dodika i sve eventualne sau\u010desnike u jednom takvom antiustavnom \u010dinu&#8221;, kazao je Be\u0107irovi\u0107.<\/p>\n\n\n\n<p>Istaknuo je da stavove koje je izrekao, nisu samo njegovi li\u010dni stavovi.<\/p>\n\n\n\n<p>&#8220;Ove stavove sam prezentirao i na Klubu Bo\u0161njaka i tretirajte ih kao jednoglasan stav cijelog Kluba Bo\u0161njaka, a tako\u0111er i kolege&nbsp;<strong>Zlatka Mileti\u0107a<\/strong>&nbsp;iz Kluba Hrvata&#8221;naveo je Be\u0107irovi\u0107.<\/p>\n\n\n\n<p>Na ovo izlaganje reagirao je zamjenik predsjedavaju\u0107eg Doma naroda&nbsp;<strong>Nikola \u0160piri\u0107<\/strong>, koji je kazao da je izneseno niz optu\u017ebi, a ne delegatsko pitanje.<\/p>\n\n\n\n<p>&#8220;Da li je Denis Be\u0107irovi\u0107 baba Vanga da tuma\u010di mi\u0161ljenja delegata, poslanika, \u010dlanova Predsjedni\u0161tva BiH.&nbsp;<strong>Prijetnja<\/strong>&nbsp;nikada nije izgra\u0111ivala BiH niti \u0107e sada i molim Denisa da to ne \u010dini. Ovdje se poziva na&nbsp;<strong>hap\u0161enje srpskog \u010dlana<\/strong>&nbsp;Predsjedni\u0161tva BiH. Mislim da je ovo nedopustivo&#8221; kazao je \u0160piri\u0107.<\/p>\n\n\n\n<p>Predsjedavaju\u0107i Vije\u0107a ministara BiH Zoran Tegeltija je kazao da ne\u0107e biti neko preko koga \u0107e se prenositi poruke bilo kome, pa ni predsjedavaju\u0107em Predsjedni\u0161tva BiH.<\/p>\n\n\n\n<p>&#8220;Na ovo pitanje je nemogu\u0107e odgovoriti, iz dva razloga. Iz prvog zato \u0161to su u pitanju sadr\u017eane sve neta\u010dne konstaticije vezano za stavove predsjedavaju\u0107eg Predsjedni\u0161tva BiH.<\/p>\n\n\n\n<p>Druga stvar, moj odnos sa predsjednikom&nbsp;<strong>SNSD-a<\/strong>&nbsp;je na\u0161a stvar i ovo nije mjesto na kojem \u0107e se razgovarati o odnosu predsjednika SNSD-a i jednog od \u010dlanova SNSD-a kao \u0161to sam ja&#8221;, kazao je Tegeltija.<\/p>\n\n\n\n<p>Predsjedavaju\u0107i Kluba srpskog naroda&nbsp;<strong>Sredoje Novi\u0107<\/strong>&nbsp;je kazao kako ne\u0107e da slu\u0161a optu\u017ebe da treba hapsiti ni njega, ni Milorada Dodika, ni bilo koga.<\/p>\n\n\n\n<p>&#8220;Je li ovo sudnica, je li ovo podignuta optu\u017enica, je li ovo zna\u010di definitivno da mi trebamo da se razi\u0111emo.Ovaj dom se pretvara u ne\u0161to \u0161to niko od nas u budu\u0107nosti ne bi \u017eelio. Ako je ovako ja sam spreman i zatra\u017eiti da napustimo dana\u0161nju sjednicu, u ime&nbsp;<strong>Kluba srpskog naroda<\/strong>&#8220;,&nbsp;naveo je Novi\u0107.<\/p>\n\n\n\n<p>Nakon njegove diskusije data je pauza od pola sata, nakon koje je nastavljena sjednica.<\/p>\n","protected":false},"excerpt":{"rendered":"<p>Delegat u Klubu bo\u0161nja\u010dkog naroda&nbsp;u Domu naroda Parlamentarne skup\u0161tine BiH&nbsp;Denis Be\u0107irovi\u0107&nbsp;je na po\u010detku dana\u0161nje sjednice postavio pitanje predsjedavaju\u0107em Vije\u0107a ministara BiH&nbsp;Zoranu Tegeltiji&nbsp;o tomeda li podr\u017eava Dodikovu politiku razbijanja dr\u017eave BiH. Be\u0107irovi\u0107 je naveo kako Dodik javno poru\u010duje da ima jasan plan i koncept, kako on ka\u017ee, kako treba razbiti dr\u017eavu BiH. &#8220;Smatram da je vrijeme [&hellip;]<\/p>\n","protected":false},"author":59,"featured_media":26444,"comment_status":"closed","ping_status":"closed","sticky":false,"template":"","format":"standard","meta":{"inline_featured_image":false,"footnotes":""},"categories":[376,234],"tags":[574,577,132,134,575,573,576],"class_list":{"0":"post-26443","1":"post","2":"type-post","3":"status-publish","4":"format-standard","5":"has-post-thumbnail","7":"category-featured","8":"category-politika","9":"tag-becirovic","10":"tag-dodik","11":"tag-dom-naroda","12":"tag-milorad-dodik","13":"tag-parlamentarna-skupstina","14":"tag-sdp","15":"tag-zoran-tegeltija"},"acf":[],"_links":{"self":[{"href":"https:\/\/tvsensor.com\/api\/wp\/v2\/posts\/26443","targetHints":{"allow":["GET"]}}],"collection":[{"href":"https:\/\/tvsensor.com\/api\/wp\/v2\/posts"}],"about":[{"href":"https:\/\/tvsensor.com\/api\/wp\/v2\/types\/post"}],"author":[{"embeddable":true,"href":"https:\/\/tvsensor.com\/api\/wp\/v2\/users\/59"}],"replies":[{"embeddable":true,"href":"https:\/\/tvsensor.com\/api\/wp\/v2\/comments?post=26443"}],"version-history":[{"count":2,"href":"https:\/\/tvsensor.com\/api\/wp\/v2\/posts\/26443\/revisions"}],"predecessor-version":[{"id":26446,"href":"https:\/\/tvsensor.com\/api\/wp\/v2\/posts\/26443\/revisions\/26446"}],"wp:featuredmedia":[{"embeddable":true,"href":"https:\/\/tvsensor.com\/api\/wp\/v2\/media\/26444"}],"wp:attachment":[{"href":"https:\/\/tvsensor.com\/api\/wp\/v2\/media?parent=26443"}],"wp:term":[{"taxonomy":"category","embeddable":true,"href":"https:\/\/tvsensor.com\/api\/wp\/v2\/categories?post=26443"},{"taxonomy":"post_tag","embeddable":true,"href":"https:\/\/tvsensor.com\/api\/wp\/v2\/tags?post=26443"}],"curies":[{"name":"wp","href":"https:\/\/api.w.org\/{rel}","templated":true}]}}