{"id":26440,"date":"2021-04-08T13:05:44","date_gmt":"2021-04-08T12:05:44","guid":{"rendered":"https:\/\/senzor.ba\/?p=26440"},"modified":"2024-01-15T21:38:48","modified_gmt":"2024-01-15T20:38:48","slug":"bih-proljece-2021-trebalo-bi-biti-jedno-od-toplijih-u-posljednjih-15-godina","status":"publish","type":"post","link":"https:\/\/tvsensor.com\/clanak\/bih-proljece-2021-trebalo-bi-biti-jedno-od-toplijih-u-posljednjih-15-godina\/","title":{"rendered":"BiH: Prolje\u0107e 2021. trebalo bi biti jedno od toplijih u posljednjih 15 godina"},"content":{"rendered":"\n<p>Prolje\u0107e 2021. godine bi u Bosni i Hercegovini trebalo biti jedno od toplijih u posljednjih 15 godina, prognoziraju meteorolozi, javlja Anadolu Agency (AA).<\/p>\n\n\n\n<p>&#8220;Prvi proljetni mjesec bio je topliji od prosjeka, sa koli\u010dinama padavina u granicama normalnih suma za ovaj mjesec. Tokom aprila i maja prognozira se toplije, te ve\u0107inom su\u0161nije ili u granicama normalnih suma za ove mjesece, zbog \u010dega je izgledno da \u0107e prolje\u0107e 2021. godine biti jedno od toplijih u posljednjih 15 godina, a u pogledu ukupnih suma padavina u granicama o\u010dekivanih ili ne\u0161to su\u0161nije&#8221;, izjavio je za AA Bakir Krajinovi\u0107 iz Federalnog hidrometeorolo\u0161kog zavoda (FHMZ) BiH.<\/p>\n\n\n\n<p>Istakao je da se do kraja aprila prognoziraju stabilnije vremenske prilike, sa temperaturama vi\u0161im od uobi\u010dajenih proljetnih za stepen ili dva.<\/p>\n\n\n\n<p>Najve\u0107a pozitivna odstupanja o\u010dekuju se na sjeveru Bosne i Hercegovine. Tokom mjeseca maja, odnosno krajem prolje\u0107a, pozitivna odstupanja od prosje\u010dnih temperatura jo\u0161 su ve\u0107a i kre\u0107u se od dva do \u010detiri stepena. Istakao je da je najve\u0107e pozitivno odstupanje ponovno na sjeveru zemlje, a najmanje odstupanje prognozira se za krajnji jug Bosne i Hercegovine.<\/p>\n\n\n\n<p>Dodao je da su o\u010dekivane koli\u010dine padavina tokom mjeseca aprila prostorno neujedna\u010dene.<\/p>\n\n\n\n<p>&#8220;Na sjeveroistoku i krajnjem jugu, prema dostupnim rezultatima numeri\u010dkih modela, sume padavina kreta\u0107e se u granicama uobi\u010dajenih. Neznatna negativna odstupanja izgledna su \u0161irom na\u0161e zemlje, a u centralnoplaninskim predjelima prognoziraju se najekstremnija negativna odstupanja, sa svega 60 posto od prosje\u010dnih za ovaj mjesec. Tokom maja, sjeverno od Dinarida, prognozirane koli\u010dine padavina bi\u0107e pribli\u017ene prosje\u010dnim sumama, a ju\u017enije od Dinarida ukupne koli\u010dine padavina bi\u0107e zna\u010dajno manje od uobi\u010dajenih za taj prostor&#8221;, pojasnili su iz FHMZ-a BiH.<\/p>\n\n\n\n<p>Prolje\u0107e za klimatologe po\u010dinje 1. marta, a zavr\u0161ava 31. maja kada nastupa ljeto.<\/p>\n","protected":false},"excerpt":{"rendered":"<p>Prolje\u0107e 2021. godine bi u Bosni i Hercegovini trebalo biti jedno od toplijih u posljednjih 15 godina, prognoziraju meteorolozi, javlja Anadolu Agency (AA). &#8220;Prvi proljetni mjesec bio je topliji od prosjeka, sa koli\u010dinama padavina u granicama normalnih suma za ovaj mjesec. Tokom aprila i maja prognozira se toplije, te ve\u0107inom su\u0161nije ili u granicama normalnih [&hellip;]<\/p>\n","protected":false},"author":59,"featured_media":26442,"comment_status":"closed","ping_status":"closed","sticky":false,"template":"","format":"standard","meta":{"inline_featured_image":false,"footnotes":""},"categories":[38],"tags":[119,572,245,538],"class_list":{"0":"post-26440","1":"post","2":"type-post","3":"status-publish","4":"format-standard","5":"has-post-thumbnail","7":"category-vijesti-iz-bih","8":"tag-bosna-i-hercegovina","9":"tag-proljece-2","10":"tag-vremenska-prognoza","11":"tag-vrijeme"},"acf":[],"_links":{"self":[{"href":"https:\/\/tvsensor.com\/api\/wp\/v2\/posts\/26440","targetHints":{"allow":["GET"]}}],"collection":[{"href":"https:\/\/tvsensor.com\/api\/wp\/v2\/posts"}],"about":[{"href":"https:\/\/tvsensor.com\/api\/wp\/v2\/types\/post"}],"author":[{"embeddable":true,"href":"https:\/\/tvsensor.com\/api\/wp\/v2\/users\/59"}],"replies":[{"embeddable":true,"href":"https:\/\/tvsensor.com\/api\/wp\/v2\/comments?post=26440"}],"version-history":[{"count":1,"href":"https:\/\/tvsensor.com\/api\/wp\/v2\/posts\/26440\/revisions"}],"predecessor-version":[{"id":26441,"href":"https:\/\/tvsensor.com\/api\/wp\/v2\/posts\/26440\/revisions\/26441"}],"wp:featuredmedia":[{"embeddable":true,"href":"https:\/\/tvsensor.com\/api\/wp\/v2\/media\/26442"}],"wp:attachment":[{"href":"https:\/\/tvsensor.com\/api\/wp\/v2\/media?parent=26440"}],"wp:term":[{"taxonomy":"category","embeddable":true,"href":"https:\/\/tvsensor.com\/api\/wp\/v2\/categories?post=26440"},{"taxonomy":"post_tag","embeddable":true,"href":"https:\/\/tvsensor.com\/api\/wp\/v2\/tags?post=26440"}],"curies":[{"name":"wp","href":"https:\/\/api.w.org\/{rel}","templated":true}]}}